{"id":8564,"date":"2021-12-22T16:08:50","date_gmt":"2021-12-22T16:08:50","guid":{"rendered":"https:\/\/www.lacubana.es\/?p=8564"},"modified":"2021-12-22T18:27:06","modified_gmt":"2021-12-22T18:27:06","slug":"la-cubana-participa-en-la-marato-de-tv3-que-este-ano-trataba-sobre-la-salud-mental","status":"publish","type":"post","link":"https:\/\/www.lacubana.es\/es\/la-cubana-participa-en-la-marato-de-tv3-que-este-ano-trataba-sobre-la-salud-mental\/","title":{"rendered":"La Cubana participa en La Marat\u00f3 de TV3 que este a\u00f1o trataba sobre la salud mental"},"content":{"rendered":"\n<p>Un a\u00f1o m\u00e1s nos hemos vestido con nuestras mejores galas y hemos ido a TV3 para acompa\u00f1arles en el 30 aniversario de La Marat\u00f3. No podr\u00edamos tener mejores anfitriones, Ana Boadas y Toni Cruanyes nos han acompa\u00f1ado al escenario para bailar un n\u00famero de \u2018Adeu Arturo\u2019, el espect\u00e1culo que estamos ensayando para estrenar la versi\u00f3n catalana en el Teatro Coliseum el d\u00eda 2 del 2 del 2022.<\/p>\n\n\n\n<p>La Marat\u00f3 de este a\u00f1o recog\u00eda fondos para proyectos de investigaci\u00f3n sobre la salud mental, muchas veces estigmatizada e invisibilizada por el tab\u00fa social. Animamos a seguir haciendo donaciones para subir el marcador, que al final del domingo se situaba en 9 millones de euros. Las pod\u00e9is hacer hasta finales de marzo de 2022.<\/p>\n\n\n\n<figure class=\"wp-block-image size-large\"><a href=\"https:\/\/youtu.be\/7KjaCmBL6pY\"><img decoding=\"async\" width=\"1024\" height=\"532\" src=\"https:\/\/www.lacubana.es\/wp-content\/uploads\/2021\/12\/foto-marato-video-1024x532.jpg\" alt=\"\" class=\"wp-image-8560\" srcset=\"https:\/\/www.lacubana.es\/wp-content\/uploads\/2021\/12\/foto-marato-video-1024x532.jpg 1024w, https:\/\/www.lacubana.es\/wp-content\/uploads\/2021\/12\/foto-marato-video-300x156.jpg 300w, https:\/\/www.lacubana.es\/wp-content\/uploads\/2021\/12\/foto-marato-video-768x399.jpg 768w, https:\/\/www.lacubana.es\/wp-content\/uploads\/2021\/12\/foto-marato-video.jpg 1274w\" sizes=\"(max-width: 1024px) 100vw, 1024px\" \/><\/a><\/figure>\n\n\n\n<p><\/p>\n ","protected":false},"excerpt":{"rendered":"<p>Un a\u00f1o m\u00e1s nos hemos vestido con nuestras mejores galas y hemos ido a TV3 para acompa\u00f1arles en el 30 aniversario de La Marat\u00f3. No podr\u00edamos tener mejores anfitriones, Ana Boadas y Toni Cruanyes nos han acompa\u00f1ado al escenario para bailar un n\u00famero de \u2018Adeu Arturo\u2019, el espect\u00e1culo que estamos ensayando para estrenar la versi\u00f3n catalana en el Teatro Coliseum el d\u00eda 2 del 2 del 2022.<\/p>\n<p> &hellip;<\/p>\n","protected":false},"author":2,"featured_media":8560,"comment_status":"closed","ping_status":"closed","sticky":false,"template":"","format":"standard","meta":{"_acf_changed":false,"_et_pb_use_builder":"","_et_pb_old_content":"","_et_gb_content_width":"","_joinchat":[],"footnotes":""},"categories":[3],"tags":[76,19,20,41,62,21,42],"class_list":["post-8564","post","type-post","status-publish","format-standard","has-post-thumbnail","hentry","category-sin-categorizar","tag-comedia-es","tag-gente-bien-es","tag-la-cubana-es","tag-lacubana-es","tag-musica-es","tag-musical-es","tag-nadal-es"],"acf":[],"yoast_head":"<!-- This site is optimized with the Yoast SEO Premium plugin v22.0 (Yoast SEO v27.0) - https:\/\/yoast.com\/product\/yoast-seo-premium-wordpress\/ -->\n<title>La Cubana participa en La Marat\u00f3 de TV3 que este a\u00f1o trataba sobre la salud mental - La Cubana<\/title>\n<meta name=\"robots\" content=\"index, follow, max-snippet:-1, max-image-preview:large, max-video-preview:-1\" \/>\n<link rel=\"canonical\" href=\"https:\/\/www.lacubana.es\/es\/la-cubana-participa-en-la-marato-de-tv3-que-este-ano-trataba-sobre-la-salud-mental\/\" \/>\n<meta property=\"og:locale\" content=\"es_ES\" \/>\n<meta property=\"og:type\" content=\"article\" \/>\n<meta property=\"og:title\" content=\"La Cubana participa en La Marat\u00f3 de TV3 que este a\u00f1o trataba sobre la salud mental\" \/>\n<meta property=\"og:description\" content=\"Un a\u00f1o m\u00e1s nos hemos vestido con nuestras mejores galas y hemos ido a TV3 para acompa\u00f1arles en el 30 aniversario de La Marat\u00f3. No podr\u00edamos tener mejores anfitriones, Ana Boadas y Toni Cruanyes nos han acompa\u00f1ado al escenario para bailar un n\u00famero de \u2018Adeu Arturo\u2019, el espect\u00e1culo que estamos ensayando para estrenar la versi\u00f3n catalana en el Teatro Coliseum el d\u00eda 2 del 2 del 2022. &hellip;\" \/>\n<meta property=\"og:url\" content=\"https:\/\/www.lacubana.es\/es\/la-cubana-participa-en-la-marato-de-tv3-que-este-ano-trataba-sobre-la-salud-mental\/\" \/>\n<meta property=\"og:site_name\" content=\"La Cubana\" \/>\n<meta property=\"article:published_time\" content=\"2021-12-22T16:08:50+00:00\" \/>\n<meta property=\"article:modified_time\" content=\"2021-12-22T18:27:06+00:00\" \/>\n<meta property=\"og:image\" content=\"https:\/\/www.lacubana.es\/wp-content\/uploads\/2021\/12\/foto-marato-video.jpg\" \/>\n\t<meta property=\"og:image:width\" content=\"1274\" \/>\n\t<meta property=\"og:image:height\" content=\"662\" \/>\n\t<meta property=\"og:image:type\" content=\"image\/jpeg\" \/>\n<meta name=\"author\" content=\"Pol Vinyes\" \/>\n<meta name=\"twitter:card\" content=\"summary_large_image\" \/>\n<meta name=\"twitter:label1\" content=\"Escrito por\" \/>\n\t<meta name=\"twitter:data1\" content=\"Pol Vinyes\" \/>\n\t<meta name=\"twitter:label2\" content=\"Tiempo de lectura\" \/>\n\t<meta name=\"twitter:data2\" content=\"1 minuto\" \/>\n<script type=\"application\/ld+json\" class=\"yoast-schema-graph\">{\"@context\":\"https:\/\/schema.org\",\"@graph\":[{\"@type\":\"Article\",\"@id\":\"https:\/\/www.lacubana.es\/es\/la-cubana-participa-en-la-marato-de-tv3-que-este-ano-trataba-sobre-la-salud-mental\/#article\",\"isPartOf\":{\"@id\":\"https:\/\/www.lacubana.es\/es\/la-cubana-participa-en-la-marato-de-tv3-que-este-ano-trataba-sobre-la-salud-mental\/\"},\"author\":{\"name\":\"Pol Vinyes\",\"@id\":\"https:\/\/www.lacubana.es\/#\/schema\/person\/c8152ce1e6c55839545d6348cde05329\"},\"headline\":\"La Cubana participa en La Marat\u00f3 de TV3 que este a\u00f1o trataba sobre la salud mental\",\"datePublished\":\"2021-12-22T16:08:50+00:00\",\"dateModified\":\"2021-12-22T18:27:06+00:00\",\"mainEntityOfPage\":{\"@id\":\"https:\/\/www.lacubana.es\/es\/la-cubana-participa-en-la-marato-de-tv3-que-este-ano-trataba-sobre-la-salud-mental\/\"},\"wordCount\":145,\"image\":{\"@id\":\"https:\/\/www.lacubana.es\/es\/la-cubana-participa-en-la-marato-de-tv3-que-este-ano-trataba-sobre-la-salud-mental\/#primaryimage\"},\"thumbnailUrl\":\"https:\/\/www.lacubana.es\/wp-content\/uploads\/2021\/12\/foto-marato-video.jpg\",\"keywords\":[\"Com\u00e8dia\",\"Gente Bien\",\"La Cubana\",\"LaCubana\",\"Musica\",\"Musical\",\"Nadal\"],\"articleSection\":[\"Sin categorizar\"],\"inLanguage\":\"es\"},{\"@type\":\"WebPage\",\"@id\":\"https:\/\/www.lacubana.es\/es\/la-cubana-participa-en-la-marato-de-tv3-que-este-ano-trataba-sobre-la-salud-mental\/\",\"url\":\"https:\/\/www.lacubana.es\/es\/la-cubana-participa-en-la-marato-de-tv3-que-este-ano-trataba-sobre-la-salud-mental\/\",\"name\":\"La Cubana participa en La Marat\u00f3 de TV3 que este a\u00f1o trataba sobre la salud mental - La Cubana\",\"isPartOf\":{\"@id\":\"https:\/\/www.lacubana.es\/#website\"},\"primaryImageOfPage\":{\"@id\":\"https:\/\/www.lacubana.es\/es\/la-cubana-participa-en-la-marato-de-tv3-que-este-ano-trataba-sobre-la-salud-mental\/#primaryimage\"},\"image\":{\"@id\":\"https:\/\/www.lacubana.es\/es\/la-cubana-participa-en-la-marato-de-tv3-que-este-ano-trataba-sobre-la-salud-mental\/#primaryimage\"},\"thumbnailUrl\":\"https:\/\/www.lacubana.es\/wp-content\/uploads\/2021\/12\/foto-marato-video.jpg\",\"datePublished\":\"2021-12-22T16:08:50+00:00\",\"dateModified\":\"2021-12-22T18:27:06+00:00\",\"author\":{\"@id\":\"https:\/\/www.lacubana.es\/#\/schema\/person\/c8152ce1e6c55839545d6348cde05329\"},\"breadcrumb\":{\"@id\":\"https:\/\/www.lacubana.es\/es\/la-cubana-participa-en-la-marato-de-tv3-que-este-ano-trataba-sobre-la-salud-mental\/#breadcrumb\"},\"inLanguage\":\"es\",\"potentialAction\":[{\"@type\":\"ReadAction\",\"target\":[\"https:\/\/www.lacubana.es\/es\/la-cubana-participa-en-la-marato-de-tv3-que-este-ano-trataba-sobre-la-salud-mental\/\"]}]},{\"@type\":\"ImageObject\",\"inLanguage\":\"es\",\"@id\":\"https:\/\/www.lacubana.es\/es\/la-cubana-participa-en-la-marato-de-tv3-que-este-ano-trataba-sobre-la-salud-mental\/#primaryimage\",\"url\":\"https:\/\/www.lacubana.es\/wp-content\/uploads\/2021\/12\/foto-marato-video.jpg\",\"contentUrl\":\"https:\/\/www.lacubana.es\/wp-content\/uploads\/2021\/12\/foto-marato-video.jpg\",\"width\":1274,\"height\":662},{\"@type\":\"BreadcrumbList\",\"@id\":\"https:\/\/www.lacubana.es\/es\/la-cubana-participa-en-la-marato-de-tv3-que-este-ano-trataba-sobre-la-salud-mental\/#breadcrumb\",\"itemListElement\":[{\"@type\":\"ListItem\",\"position\":1,\"name\":\"Inici\",\"item\":\"https:\/\/www.lacubana.es\/es\/\"},{\"@type\":\"ListItem\",\"position\":2,\"name\":\"La Cubana participa en La Marat\u00f3 de TV3 que este a\u00f1o trataba sobre la salud mental\"}]},{\"@type\":\"WebSite\",\"@id\":\"https:\/\/www.lacubana.es\/#website\",\"url\":\"https:\/\/www.lacubana.es\/\",\"name\":\"La Cubana\",\"description\":\"Teatro La Cubana\",\"potentialAction\":[{\"@type\":\"SearchAction\",\"target\":{\"@type\":\"EntryPoint\",\"urlTemplate\":\"https:\/\/www.lacubana.es\/?s={search_term_string}\"},\"query-input\":{\"@type\":\"PropertyValueSpecification\",\"valueRequired\":true,\"valueName\":\"search_term_string\"}}],\"inLanguage\":\"es\"},{\"@type\":\"Person\",\"@id\":\"https:\/\/www.lacubana.es\/#\/schema\/person\/c8152ce1e6c55839545d6348cde05329\",\"name\":\"Pol Vinyes\",\"image\":{\"@type\":\"ImageObject\",\"inLanguage\":\"es\",\"@id\":\"https:\/\/www.lacubana.es\/#\/schema\/person\/image\/\",\"url\":\"https:\/\/secure.gravatar.com\/avatar\/c6702000708b6847f0e1aee67258df623c3d0818f32423125064b8c43dc6d27a?s=96&d=mm&r=g\",\"contentUrl\":\"https:\/\/secure.gravatar.com\/avatar\/c6702000708b6847f0e1aee67258df623c3d0818f32423125064b8c43dc6d27a?s=96&d=mm&r=g\",\"caption\":\"Pol Vinyes\"},\"sameAs\":[\"https:\/\/www.lacubana.es\"],\"url\":\"https:\/\/www.lacubana.es\/es\/author\/gestio\/\"}]}<\/script>\n<!-- \/ Yoast SEO Premium plugin. -->","yoast_head_json":{"title":"La Cubana participa en La Marat\u00f3 de TV3 que este a\u00f1o trataba sobre la salud mental - La Cubana","robots":{"index":"index","follow":"follow","max-snippet":"max-snippet:-1","max-image-preview":"max-image-preview:large","max-video-preview":"max-video-preview:-1"},"canonical":"https:\/\/www.lacubana.es\/es\/la-cubana-participa-en-la-marato-de-tv3-que-este-ano-trataba-sobre-la-salud-mental\/","og_locale":"es_ES","og_type":"article","og_title":"La Cubana participa en La Marat\u00f3 de TV3 que este a\u00f1o trataba sobre la salud mental","og_description":"Un a\u00f1o m\u00e1s nos hemos vestido con nuestras mejores galas y hemos ido a TV3 para acompa\u00f1arles en el 30 aniversario de La Marat\u00f3. No podr\u00edamos tener mejores anfitriones, Ana Boadas y Toni Cruanyes nos han acompa\u00f1ado al escenario para bailar un n\u00famero de \u2018Adeu Arturo\u2019, el espect\u00e1culo que estamos ensayando para estrenar la versi\u00f3n catalana en el Teatro Coliseum el d\u00eda 2 del 2 del 2022. &hellip;","og_url":"https:\/\/www.lacubana.es\/es\/la-cubana-participa-en-la-marato-de-tv3-que-este-ano-trataba-sobre-la-salud-mental\/","og_site_name":"La Cubana","article_published_time":"2021-12-22T16:08:50+00:00","article_modified_time":"2021-12-22T18:27:06+00:00","og_image":[{"width":1274,"height":662,"url":"https:\/\/www.lacubana.es\/wp-content\/uploads\/2021\/12\/foto-marato-video.jpg","type":"image\/jpeg"}],"author":"Pol Vinyes","twitter_card":"summary_large_image","twitter_misc":{"Escrito por":"Pol Vinyes","Tiempo de lectura":"1 minuto"},"schema":{"@context":"https:\/\/schema.org","@graph":[{"@type":"Article","@id":"https:\/\/www.lacubana.es\/es\/la-cubana-participa-en-la-marato-de-tv3-que-este-ano-trataba-sobre-la-salud-mental\/#article","isPartOf":{"@id":"https:\/\/www.lacubana.es\/es\/la-cubana-participa-en-la-marato-de-tv3-que-este-ano-trataba-sobre-la-salud-mental\/"},"author":{"name":"Pol Vinyes","@id":"https:\/\/www.lacubana.es\/#\/schema\/person\/c8152ce1e6c55839545d6348cde05329"},"headline":"La Cubana participa en La Marat\u00f3 de TV3 que este a\u00f1o trataba sobre la salud mental","datePublished":"2021-12-22T16:08:50+00:00","dateModified":"2021-12-22T18:27:06+00:00","mainEntityOfPage":{"@id":"https:\/\/www.lacubana.es\/es\/la-cubana-participa-en-la-marato-de-tv3-que-este-ano-trataba-sobre-la-salud-mental\/"},"wordCount":145,"image":{"@id":"https:\/\/www.lacubana.es\/es\/la-cubana-participa-en-la-marato-de-tv3-que-este-ano-trataba-sobre-la-salud-mental\/#primaryimage"},"thumbnailUrl":"https:\/\/www.lacubana.es\/wp-content\/uploads\/2021\/12\/foto-marato-video.jpg","keywords":["Com\u00e8dia","Gente Bien","La Cubana","LaCubana","Musica","Musical","Nadal"],"articleSection":["Sin categorizar"],"inLanguage":"es"},{"@type":"WebPage","@id":"https:\/\/www.lacubana.es\/es\/la-cubana-participa-en-la-marato-de-tv3-que-este-ano-trataba-sobre-la-salud-mental\/","url":"https:\/\/www.lacubana.es\/es\/la-cubana-participa-en-la-marato-de-tv3-que-este-ano-trataba-sobre-la-salud-mental\/","name":"La Cubana participa en La Marat\u00f3 de TV3 que este a\u00f1o trataba sobre la salud mental - La Cubana","isPartOf":{"@id":"https:\/\/www.lacubana.es\/#website"},"primaryImageOfPage":{"@id":"https:\/\/www.lacubana.es\/es\/la-cubana-participa-en-la-marato-de-tv3-que-este-ano-trataba-sobre-la-salud-mental\/#primaryimage"},"image":{"@id":"https:\/\/www.lacubana.es\/es\/la-cubana-participa-en-la-marato-de-tv3-que-este-ano-trataba-sobre-la-salud-mental\/#primaryimage"},"thumbnailUrl":"https:\/\/www.lacubana.es\/wp-content\/uploads\/2021\/12\/foto-marato-video.jpg","datePublished":"2021-12-22T16:08:50+00:00","dateModified":"2021-12-22T18:27:06+00:00","author":{"@id":"https:\/\/www.lacubana.es\/#\/schema\/person\/c8152ce1e6c55839545d6348cde05329"},"breadcrumb":{"@id":"https:\/\/www.lacubana.es\/es\/la-cubana-participa-en-la-marato-de-tv3-que-este-ano-trataba-sobre-la-salud-mental\/#breadcrumb"},"inLanguage":"es","potentialAction":[{"@type":"ReadAction","target":["https:\/\/www.lacubana.es\/es\/la-cubana-participa-en-la-marato-de-tv3-que-este-ano-trataba-sobre-la-salud-mental\/"]}]},{"@type":"ImageObject","inLanguage":"es","@id":"https:\/\/www.lacubana.es\/es\/la-cubana-participa-en-la-marato-de-tv3-que-este-ano-trataba-sobre-la-salud-mental\/#primaryimage","url":"https:\/\/www.lacubana.es\/wp-content\/uploads\/2021\/12\/foto-marato-video.jpg","contentUrl":"https:\/\/www.lacubana.es\/wp-content\/uploads\/2021\/12\/foto-marato-video.jpg","width":1274,"height":662},{"@type":"BreadcrumbList","@id":"https:\/\/www.lacubana.es\/es\/la-cubana-participa-en-la-marato-de-tv3-que-este-ano-trataba-sobre-la-salud-mental\/#breadcrumb","itemListElement":[{"@type":"ListItem","position":1,"name":"Inici","item":"https:\/\/www.lacubana.es\/es\/"},{"@type":"ListItem","position":2,"name":"La Cubana participa en La Marat\u00f3 de TV3 que este a\u00f1o trataba sobre la salud mental"}]},{"@type":"WebSite","@id":"https:\/\/www.lacubana.es\/#website","url":"https:\/\/www.lacubana.es\/","name":"La Cubana","description":"Teatro La Cubana","potentialAction":[{"@type":"SearchAction","target":{"@type":"EntryPoint","urlTemplate":"https:\/\/www.lacubana.es\/?s={search_term_string}"},"query-input":{"@type":"PropertyValueSpecification","valueRequired":true,"valueName":"search_term_string"}}],"inLanguage":"es"},{"@type":"Person","@id":"https:\/\/www.lacubana.es\/#\/schema\/person\/c8152ce1e6c55839545d6348cde05329","name":"Pol Vinyes","image":{"@type":"ImageObject","inLanguage":"es","@id":"https:\/\/www.lacubana.es\/#\/schema\/person\/image\/","url":"https:\/\/secure.gravatar.com\/avatar\/c6702000708b6847f0e1aee67258df623c3d0818f32423125064b8c43dc6d27a?s=96&d=mm&r=g","contentUrl":"https:\/\/secure.gravatar.com\/avatar\/c6702000708b6847f0e1aee67258df623c3d0818f32423125064b8c43dc6d27a?s=96&d=mm&r=g","caption":"Pol Vinyes"},"sameAs":["https:\/\/www.lacubana.es"],"url":"https:\/\/www.lacubana.es\/es\/author\/gestio\/"}]}},"_links":{"self":[{"href":"https:\/\/www.lacubana.es\/es\/wp-json\/wp\/v2\/posts\/8564","targetHints":{"allow":["GET"]}}],"collection":[{"href":"https:\/\/www.lacubana.es\/es\/wp-json\/wp\/v2\/posts"}],"about":[{"href":"https:\/\/www.lacubana.es\/es\/wp-json\/wp\/v2\/types\/post"}],"author":[{"embeddable":true,"href":"https:\/\/www.lacubana.es\/es\/wp-json\/wp\/v2\/users\/2"}],"replies":[{"embeddable":true,"href":"https:\/\/www.lacubana.es\/es\/wp-json\/wp\/v2\/comments?post=8564"}],"version-history":[{"count":0,"href":"https:\/\/www.lacubana.es\/es\/wp-json\/wp\/v2\/posts\/8564\/revisions"}],"wp:featuredmedia":[{"embeddable":true,"href":"https:\/\/www.lacubana.es\/es\/wp-json\/wp\/v2\/media\/8560"}],"wp:attachment":[{"href":"https:\/\/www.lacubana.es\/es\/wp-json\/wp\/v2\/media?parent=8564"}],"wp:term":[{"taxonomy":"category","embeddable":true,"href":"https:\/\/www.lacubana.es\/es\/wp-json\/wp\/v2\/categories?post=8564"},{"taxonomy":"post_tag","embeddable":true,"href":"https:\/\/www.lacubana.es\/es\/wp-json\/wp\/v2\/tags?post=8564"}],"curies":[{"name":"wp","href":"https:\/\/api.w.org\/{rel}","templated":true}]}}