{"id":8299,"date":"2021-09-08T11:36:27","date_gmt":"2021-09-08T11:36:27","guid":{"rendered":"https:\/\/www.lacubana.es\/the-exhibition-of-la-cubana-in-sitges-will-be-extended-until-christmas\/"},"modified":"2021-09-08T13:50:48","modified_gmt":"2021-09-08T13:50:48","slug":"the-exhibition-of-la-cubana-in-sitges-will-be-extended-until-christmas","status":"publish","type":"post","link":"https:\/\/www.lacubana.es\/es\/the-exhibition-of-la-cubana-in-sitges-will-be-extended-until-christmas\/","title":{"rendered":"La exposici\u00f3n de La Cubana en Sitges se prorroga hasta Navidades"},"content":{"rendered":"\n<p>La exposici\u00f3n &#8216;La Cubana 40+1 a\u00f1os: un viaje de la \u2018nada\u2019 hasta el 2021&#8217;, instalada en el Miramar Centro Cultural, se prorroga hasta Navidades. Jordi Mil\u00e1n anunci\u00f3 esta gran noticia despu\u00e9s de recoger la Menci\u00f3n Honor\u00edfica Premio Catalu\u00f1a de Teatro por su trayectoria en el marco de la XX Gala Catalunya Aixeca el Tel\u00f3n.<\/p>\n\n\n\n<p>Estamos muy agradecidos a las casi 10.000 personas han visitado la exposici\u00f3n. No s\u00f3lo nos sorprende la acogida a nivel de n\u00fameros: estamos muy contentos de los comentarios de los visitantes que han escrito el libro al final de la exposici\u00f3n o a trav\u00e9s de las redes sociales.<\/p>\n\n\n\n<p>Gracias a la gran acogida que est\u00e1 teniendo, el Ayuntamiento de Sitges ha decidido que la exposici\u00f3n se prorrogue hasta las fiestas de Navidad. As\u00ed que todo el mundo que todav\u00eda no lo haya visto todav\u00eda tendr\u00e1 unos meses m\u00e1s para acercarse a disfrutar con los trastos (eso s\u00ed, muy bien puestos e iluminados) que llenan hasta la bandera el Miramar Centro Cultural&#8230; El visitante podr\u00e1 adentrarse en nuestro universo y recorrer los 40 + 1 a\u00f1os de la compa\u00f1\u00eda.<\/p>\n\n\n\n<p>Las entradas se pueden comprar a trav\u00e9s de www.culturasitges.cat\/entrades y tambi\u00e9n en la oficina de informaci\u00f3n tur\u00edstica de la plaza de la estaci\u00f3n, as\u00ed como en el mismo edificio de la exposici\u00f3n en la Calle de la Davallada 12. Para las medidas Covid no se permite la entrada a m\u00e1s de 20 personas cada 15 minutos. Se recomienda comprar las entradas de forma anticipada.<\/p>\n\n\n\n<figure class=\"wp-block-image size-large\"><img decoding=\"async\" width=\"1024\" height=\"523\" src=\"https:\/\/www.lacubana.es\/wp-content\/uploads\/2021\/09\/foto-expo-exterior-1024x523.jpg\" alt=\"\" class=\"wp-image-8291\" srcset=\"https:\/\/www.lacubana.es\/wp-content\/uploads\/2021\/09\/foto-expo-exterior-1024x523.jpg 1024w, https:\/\/www.lacubana.es\/wp-content\/uploads\/2021\/09\/foto-expo-exterior-300x153.jpg 300w, https:\/\/www.lacubana.es\/wp-content\/uploads\/2021\/09\/foto-expo-exterior-768x392.jpg 768w, https:\/\/www.lacubana.es\/wp-content\/uploads\/2021\/09\/foto-expo-exterior-1536x785.jpg 1536w, https:\/\/www.lacubana.es\/wp-content\/uploads\/2021\/09\/foto-expo-exterior-2048x1046.jpg 2048w\" sizes=\"(max-width: 1024px) 100vw, 1024px\" \/><\/figure>\n ","protected":false},"excerpt":{"rendered":"<p>La exposici\u00f3n &#8216;La Cubana 40+1 a\u00f1os: un viaje de la \u2018nada\u2019 hasta el 2021&#8217;, instalada en el Miramar Centro Cultural, se prorroga hasta Navidades. Jordi Mil\u00e1n anunci\u00f3 esta gran noticia despu\u00e9s de recoger la Menci\u00f3n Honor\u00edfica Premio Catalu\u00f1a de Teatro por su trayectoria en el marco de la XX Gala Catalunya Aixeca el Tel\u00f3n.<\/p>\n<p> &hellip;<\/p>\n","protected":false},"author":2,"featured_media":8293,"comment_status":"closed","ping_status":"closed","sticky":false,"template":"","format":"standard","meta":{"_acf_changed":false,"_et_pb_use_builder":"","_et_pb_old_content":"","_et_gb_content_width":"","_joinchat":[],"footnotes":""},"categories":[3],"tags":[],"class_list":["post-8299","post","type-post","status-publish","format-standard","has-post-thumbnail","hentry","category-sin-categorizar"],"acf":[],"yoast_head":"<!-- This site is optimized with the Yoast SEO Premium plugin v22.0 (Yoast SEO v27.0) - https:\/\/yoast.com\/product\/yoast-seo-premium-wordpress\/ -->\n<title>La exposici\u00f3n de La Cubana en Sitges se prorroga hasta Navidades - La Cubana<\/title>\n<meta name=\"robots\" content=\"index, follow, max-snippet:-1, max-image-preview:large, max-video-preview:-1\" \/>\n<link rel=\"canonical\" href=\"https:\/\/www.lacubana.es\/es\/the-exhibition-of-la-cubana-in-sitges-will-be-extended-until-christmas\/\" \/>\n<meta property=\"og:locale\" content=\"es_ES\" \/>\n<meta property=\"og:type\" content=\"article\" \/>\n<meta property=\"og:title\" content=\"La exposici\u00f3n de La Cubana en Sitges se prorroga hasta Navidades\" \/>\n<meta property=\"og:description\" content=\"La exposici\u00f3n &#8216;La Cubana 40+1 a\u00f1os: un viaje de la \u2018nada\u2019 hasta el 2021&#8217;, instalada en el Miramar Centro Cultural, se prorroga hasta Navidades. Jordi Mil\u00e1n anunci\u00f3 esta gran noticia despu\u00e9s de recoger la Menci\u00f3n Honor\u00edfica Premio Catalu\u00f1a de Teatro por su trayectoria en el marco de la XX Gala Catalunya Aixeca el Tel\u00f3n. &hellip;\" \/>\n<meta property=\"og:url\" content=\"https:\/\/www.lacubana.es\/es\/the-exhibition-of-la-cubana-in-sitges-will-be-extended-until-christmas\/\" \/>\n<meta property=\"og:site_name\" content=\"La Cubana\" \/>\n<meta property=\"article:published_time\" content=\"2021-09-08T11:36:27+00:00\" \/>\n<meta property=\"article:modified_time\" content=\"2021-09-08T13:50:48+00:00\" \/>\n<meta property=\"og:image\" content=\"https:\/\/www.lacubana.es\/wp-content\/uploads\/2021\/09\/foto-expo-exterior.jpg\" \/>\n\t<meta property=\"og:image:width\" content=\"2140\" \/>\n\t<meta property=\"og:image:height\" content=\"1093\" \/>\n\t<meta property=\"og:image:type\" content=\"image\/jpeg\" \/>\n<meta name=\"author\" content=\"Pol Vinyes\" \/>\n<meta name=\"twitter:card\" content=\"summary_large_image\" \/>\n<meta name=\"twitter:label1\" content=\"Escrito por\" \/>\n\t<meta name=\"twitter:data1\" content=\"Pol Vinyes\" \/>\n\t<meta name=\"twitter:label2\" content=\"Tiempo de lectura\" \/>\n\t<meta name=\"twitter:data2\" content=\"1 minuto\" \/>\n<script type=\"application\/ld+json\" class=\"yoast-schema-graph\">{\"@context\":\"https:\/\/schema.org\",\"@graph\":[{\"@type\":\"Article\",\"@id\":\"https:\/\/www.lacubana.es\/es\/the-exhibition-of-la-cubana-in-sitges-will-be-extended-until-christmas\/#article\",\"isPartOf\":{\"@id\":\"https:\/\/www.lacubana.es\/es\/the-exhibition-of-la-cubana-in-sitges-will-be-extended-until-christmas\/\"},\"author\":{\"name\":\"Pol Vinyes\",\"@id\":\"https:\/\/www.lacubana.es\/#\/schema\/person\/c8152ce1e6c55839545d6348cde05329\"},\"headline\":\"La exposici\u00f3n de La Cubana en Sitges se prorroga hasta Navidades\",\"datePublished\":\"2021-09-08T11:36:27+00:00\",\"dateModified\":\"2021-09-08T13:50:48+00:00\",\"mainEntityOfPage\":{\"@id\":\"https:\/\/www.lacubana.es\/es\/the-exhibition-of-la-cubana-in-sitges-will-be-extended-until-christmas\/\"},\"wordCount\":278,\"image\":{\"@id\":\"https:\/\/www.lacubana.es\/es\/the-exhibition-of-la-cubana-in-sitges-will-be-extended-until-christmas\/#primaryimage\"},\"thumbnailUrl\":\"https:\/\/www.lacubana.es\/wp-content\/uploads\/2021\/09\/foto-expo-exterior.jpg\",\"articleSection\":[\"Sin categorizar\"],\"inLanguage\":\"es\"},{\"@type\":\"WebPage\",\"@id\":\"https:\/\/www.lacubana.es\/es\/the-exhibition-of-la-cubana-in-sitges-will-be-extended-until-christmas\/\",\"url\":\"https:\/\/www.lacubana.es\/es\/the-exhibition-of-la-cubana-in-sitges-will-be-extended-until-christmas\/\",\"name\":\"La exposici\u00f3n de La Cubana en Sitges se prorroga hasta Navidades - La Cubana\",\"isPartOf\":{\"@id\":\"https:\/\/www.lacubana.es\/#website\"},\"primaryImageOfPage\":{\"@id\":\"https:\/\/www.lacubana.es\/es\/the-exhibition-of-la-cubana-in-sitges-will-be-extended-until-christmas\/#primaryimage\"},\"image\":{\"@id\":\"https:\/\/www.lacubana.es\/es\/the-exhibition-of-la-cubana-in-sitges-will-be-extended-until-christmas\/#primaryimage\"},\"thumbnailUrl\":\"https:\/\/www.lacubana.es\/wp-content\/uploads\/2021\/09\/foto-expo-exterior.jpg\",\"datePublished\":\"2021-09-08T11:36:27+00:00\",\"dateModified\":\"2021-09-08T13:50:48+00:00\",\"author\":{\"@id\":\"https:\/\/www.lacubana.es\/#\/schema\/person\/c8152ce1e6c55839545d6348cde05329\"},\"breadcrumb\":{\"@id\":\"https:\/\/www.lacubana.es\/es\/the-exhibition-of-la-cubana-in-sitges-will-be-extended-until-christmas\/#breadcrumb\"},\"inLanguage\":\"es\",\"potentialAction\":[{\"@type\":\"ReadAction\",\"target\":[\"https:\/\/www.lacubana.es\/es\/the-exhibition-of-la-cubana-in-sitges-will-be-extended-until-christmas\/\"]}]},{\"@type\":\"ImageObject\",\"inLanguage\":\"es\",\"@id\":\"https:\/\/www.lacubana.es\/es\/the-exhibition-of-la-cubana-in-sitges-will-be-extended-until-christmas\/#primaryimage\",\"url\":\"https:\/\/www.lacubana.es\/wp-content\/uploads\/2021\/09\/foto-expo-exterior.jpg\",\"contentUrl\":\"https:\/\/www.lacubana.es\/wp-content\/uploads\/2021\/09\/foto-expo-exterior.jpg\",\"width\":2140,\"height\":1093},{\"@type\":\"BreadcrumbList\",\"@id\":\"https:\/\/www.lacubana.es\/es\/the-exhibition-of-la-cubana-in-sitges-will-be-extended-until-christmas\/#breadcrumb\",\"itemListElement\":[{\"@type\":\"ListItem\",\"position\":1,\"name\":\"Inici\",\"item\":\"https:\/\/www.lacubana.es\/es\/\"},{\"@type\":\"ListItem\",\"position\":2,\"name\":\"La exposici\u00f3n de La Cubana en Sitges se prorroga hasta Navidades\"}]},{\"@type\":\"WebSite\",\"@id\":\"https:\/\/www.lacubana.es\/#website\",\"url\":\"https:\/\/www.lacubana.es\/\",\"name\":\"La Cubana\",\"description\":\"Teatro La Cubana\",\"potentialAction\":[{\"@type\":\"SearchAction\",\"target\":{\"@type\":\"EntryPoint\",\"urlTemplate\":\"https:\/\/www.lacubana.es\/?s={search_term_string}\"},\"query-input\":{\"@type\":\"PropertyValueSpecification\",\"valueRequired\":true,\"valueName\":\"search_term_string\"}}],\"inLanguage\":\"es\"},{\"@type\":\"Person\",\"@id\":\"https:\/\/www.lacubana.es\/#\/schema\/person\/c8152ce1e6c55839545d6348cde05329\",\"name\":\"Pol Vinyes\",\"image\":{\"@type\":\"ImageObject\",\"inLanguage\":\"es\",\"@id\":\"https:\/\/www.lacubana.es\/#\/schema\/person\/image\/\",\"url\":\"https:\/\/secure.gravatar.com\/avatar\/c6702000708b6847f0e1aee67258df623c3d0818f32423125064b8c43dc6d27a?s=96&d=mm&r=g\",\"contentUrl\":\"https:\/\/secure.gravatar.com\/avatar\/c6702000708b6847f0e1aee67258df623c3d0818f32423125064b8c43dc6d27a?s=96&d=mm&r=g\",\"caption\":\"Pol Vinyes\"},\"sameAs\":[\"https:\/\/www.lacubana.es\"],\"url\":\"https:\/\/www.lacubana.es\/es\/author\/gestio\/\"}]}<\/script>\n<!-- \/ Yoast SEO Premium plugin. -->","yoast_head_json":{"title":"La exposici\u00f3n de La Cubana en Sitges se prorroga hasta Navidades - La Cubana","robots":{"index":"index","follow":"follow","max-snippet":"max-snippet:-1","max-image-preview":"max-image-preview:large","max-video-preview":"max-video-preview:-1"},"canonical":"https:\/\/www.lacubana.es\/es\/the-exhibition-of-la-cubana-in-sitges-will-be-extended-until-christmas\/","og_locale":"es_ES","og_type":"article","og_title":"La exposici\u00f3n de La Cubana en Sitges se prorroga hasta Navidades","og_description":"La exposici\u00f3n &#8216;La Cubana 40+1 a\u00f1os: un viaje de la \u2018nada\u2019 hasta el 2021&#8217;, instalada en el Miramar Centro Cultural, se prorroga hasta Navidades. Jordi Mil\u00e1n anunci\u00f3 esta gran noticia despu\u00e9s de recoger la Menci\u00f3n Honor\u00edfica Premio Catalu\u00f1a de Teatro por su trayectoria en el marco de la XX Gala Catalunya Aixeca el Tel\u00f3n. &hellip;","og_url":"https:\/\/www.lacubana.es\/es\/the-exhibition-of-la-cubana-in-sitges-will-be-extended-until-christmas\/","og_site_name":"La Cubana","article_published_time":"2021-09-08T11:36:27+00:00","article_modified_time":"2021-09-08T13:50:48+00:00","og_image":[{"width":2140,"height":1093,"url":"https:\/\/www.lacubana.es\/wp-content\/uploads\/2021\/09\/foto-expo-exterior.jpg","type":"image\/jpeg"}],"author":"Pol Vinyes","twitter_card":"summary_large_image","twitter_misc":{"Escrito por":"Pol Vinyes","Tiempo de lectura":"1 minuto"},"schema":{"@context":"https:\/\/schema.org","@graph":[{"@type":"Article","@id":"https:\/\/www.lacubana.es\/es\/the-exhibition-of-la-cubana-in-sitges-will-be-extended-until-christmas\/#article","isPartOf":{"@id":"https:\/\/www.lacubana.es\/es\/the-exhibition-of-la-cubana-in-sitges-will-be-extended-until-christmas\/"},"author":{"name":"Pol Vinyes","@id":"https:\/\/www.lacubana.es\/#\/schema\/person\/c8152ce1e6c55839545d6348cde05329"},"headline":"La exposici\u00f3n de La Cubana en Sitges se prorroga hasta Navidades","datePublished":"2021-09-08T11:36:27+00:00","dateModified":"2021-09-08T13:50:48+00:00","mainEntityOfPage":{"@id":"https:\/\/www.lacubana.es\/es\/the-exhibition-of-la-cubana-in-sitges-will-be-extended-until-christmas\/"},"wordCount":278,"image":{"@id":"https:\/\/www.lacubana.es\/es\/the-exhibition-of-la-cubana-in-sitges-will-be-extended-until-christmas\/#primaryimage"},"thumbnailUrl":"https:\/\/www.lacubana.es\/wp-content\/uploads\/2021\/09\/foto-expo-exterior.jpg","articleSection":["Sin categorizar"],"inLanguage":"es"},{"@type":"WebPage","@id":"https:\/\/www.lacubana.es\/es\/the-exhibition-of-la-cubana-in-sitges-will-be-extended-until-christmas\/","url":"https:\/\/www.lacubana.es\/es\/the-exhibition-of-la-cubana-in-sitges-will-be-extended-until-christmas\/","name":"La exposici\u00f3n de La Cubana en Sitges se prorroga hasta Navidades - La Cubana","isPartOf":{"@id":"https:\/\/www.lacubana.es\/#website"},"primaryImageOfPage":{"@id":"https:\/\/www.lacubana.es\/es\/the-exhibition-of-la-cubana-in-sitges-will-be-extended-until-christmas\/#primaryimage"},"image":{"@id":"https:\/\/www.lacubana.es\/es\/the-exhibition-of-la-cubana-in-sitges-will-be-extended-until-christmas\/#primaryimage"},"thumbnailUrl":"https:\/\/www.lacubana.es\/wp-content\/uploads\/2021\/09\/foto-expo-exterior.jpg","datePublished":"2021-09-08T11:36:27+00:00","dateModified":"2021-09-08T13:50:48+00:00","author":{"@id":"https:\/\/www.lacubana.es\/#\/schema\/person\/c8152ce1e6c55839545d6348cde05329"},"breadcrumb":{"@id":"https:\/\/www.lacubana.es\/es\/the-exhibition-of-la-cubana-in-sitges-will-be-extended-until-christmas\/#breadcrumb"},"inLanguage":"es","potentialAction":[{"@type":"ReadAction","target":["https:\/\/www.lacubana.es\/es\/the-exhibition-of-la-cubana-in-sitges-will-be-extended-until-christmas\/"]}]},{"@type":"ImageObject","inLanguage":"es","@id":"https:\/\/www.lacubana.es\/es\/the-exhibition-of-la-cubana-in-sitges-will-be-extended-until-christmas\/#primaryimage","url":"https:\/\/www.lacubana.es\/wp-content\/uploads\/2021\/09\/foto-expo-exterior.jpg","contentUrl":"https:\/\/www.lacubana.es\/wp-content\/uploads\/2021\/09\/foto-expo-exterior.jpg","width":2140,"height":1093},{"@type":"BreadcrumbList","@id":"https:\/\/www.lacubana.es\/es\/the-exhibition-of-la-cubana-in-sitges-will-be-extended-until-christmas\/#breadcrumb","itemListElement":[{"@type":"ListItem","position":1,"name":"Inici","item":"https:\/\/www.lacubana.es\/es\/"},{"@type":"ListItem","position":2,"name":"La exposici\u00f3n de La Cubana en Sitges se prorroga hasta Navidades"}]},{"@type":"WebSite","@id":"https:\/\/www.lacubana.es\/#website","url":"https:\/\/www.lacubana.es\/","name":"La Cubana","description":"Teatro La Cubana","potentialAction":[{"@type":"SearchAction","target":{"@type":"EntryPoint","urlTemplate":"https:\/\/www.lacubana.es\/?s={search_term_string}"},"query-input":{"@type":"PropertyValueSpecification","valueRequired":true,"valueName":"search_term_string"}}],"inLanguage":"es"},{"@type":"Person","@id":"https:\/\/www.lacubana.es\/#\/schema\/person\/c8152ce1e6c55839545d6348cde05329","name":"Pol Vinyes","image":{"@type":"ImageObject","inLanguage":"es","@id":"https:\/\/www.lacubana.es\/#\/schema\/person\/image\/","url":"https:\/\/secure.gravatar.com\/avatar\/c6702000708b6847f0e1aee67258df623c3d0818f32423125064b8c43dc6d27a?s=96&d=mm&r=g","contentUrl":"https:\/\/secure.gravatar.com\/avatar\/c6702000708b6847f0e1aee67258df623c3d0818f32423125064b8c43dc6d27a?s=96&d=mm&r=g","caption":"Pol Vinyes"},"sameAs":["https:\/\/www.lacubana.es"],"url":"https:\/\/www.lacubana.es\/es\/author\/gestio\/"}]}},"_links":{"self":[{"href":"https:\/\/www.lacubana.es\/es\/wp-json\/wp\/v2\/posts\/8299","targetHints":{"allow":["GET"]}}],"collection":[{"href":"https:\/\/www.lacubana.es\/es\/wp-json\/wp\/v2\/posts"}],"about":[{"href":"https:\/\/www.lacubana.es\/es\/wp-json\/wp\/v2\/types\/post"}],"author":[{"embeddable":true,"href":"https:\/\/www.lacubana.es\/es\/wp-json\/wp\/v2\/users\/2"}],"replies":[{"embeddable":true,"href":"https:\/\/www.lacubana.es\/es\/wp-json\/wp\/v2\/comments?post=8299"}],"version-history":[{"count":0,"href":"https:\/\/www.lacubana.es\/es\/wp-json\/wp\/v2\/posts\/8299\/revisions"}],"wp:featuredmedia":[{"embeddable":true,"href":"https:\/\/www.lacubana.es\/es\/wp-json\/wp\/v2\/media\/8293"}],"wp:attachment":[{"href":"https:\/\/www.lacubana.es\/es\/wp-json\/wp\/v2\/media?parent=8299"}],"wp:term":[{"taxonomy":"category","embeddable":true,"href":"https:\/\/www.lacubana.es\/es\/wp-json\/wp\/v2\/categories?post=8299"},{"taxonomy":"post_tag","embeddable":true,"href":"https:\/\/www.lacubana.es\/es\/wp-json\/wp\/v2\/tags?post=8299"}],"curies":[{"name":"wp","href":"https:\/\/api.w.org\/{rel}","templated":true}]}}