{"id":6580,"date":"2017-04-07T15:16:11","date_gmt":"2017-04-07T15:16:11","guid":{"rendered":"https:\/\/www.lacubana.es\/que-la-musica-no-deixi-de-sonar\/"},"modified":"2017-05-11T14:40:17","modified_gmt":"2017-05-11T14:40:17","slug":"que-la-musica-no-deixi-de-sonar","status":"publish","type":"post","link":"https:\/\/www.lacubana.es\/es\/que-la-musica-no-deixi-de-sonar\/","title":{"rendered":"\u00a1Que la m\u00fasica no deje de sonar!"},"content":{"rendered":"<p>\u00a1Ha tardado, pero ya lo tenemos aqu\u00ed! Aprovechando la llegada a los 150.000 espectadores de \u201cGente Bien. El musical\u201d hemos editado el disco con la musica del espect\u00e1culo. Todo el mundo podr\u00e1 disfrutar de las 17 canciones del espect\u00e1culo en cualquier lugar y a cualquier hora. Las letras est\u00e1n inspiradas en el divertido sainete de <strong>Santiago Rusi\u00f1ol <\/strong>y que el maestro <strong>Joan Vives <\/strong>compuso para que los m\u00fasicos de <strong>l\u2019Auditori de Barcelona <\/strong>lo interpretaran en la grabaci\u00f3n.<\/p>\n<p>El disco est\u00e1 disponible en las <strong>taquillas del Teatro Coliseum <\/strong>a un precio de 6,00\u20ac la unidad. Tambi\u00e9n se puede comprar a trav\u00e9s de <strong>itunes <\/strong>y <strong>amazon<\/strong>.<\/p>\n<p><img decoding=\"async\" class=\"alignnone size-large wp-image-6557\" src=\"https:\/\/www.lacubana.es\/wp-content\/uploads\/2017\/04\/cd-musica-1024x449.jpg\" alt=\"\" width=\"1024\" height=\"449\" srcset=\"https:\/\/www.lacubana.es\/wp-content\/uploads\/2017\/04\/cd-musica-1024x449.jpg 1024w, https:\/\/www.lacubana.es\/wp-content\/uploads\/2017\/04\/cd-musica-300x131.jpg 300w, https:\/\/www.lacubana.es\/wp-content\/uploads\/2017\/04\/cd-musica-768x336.jpg 768w\" sizes=\"(max-width: 1024px) 100vw, 1024px\" \/> <\/p>\n","protected":false},"excerpt":{"rendered":"<p>\u00a1Ha tardado, pero ya lo tenemos aqu\u00ed! Aprovechando la llegada a los 150.000 espectadores de \u201cGente Bien. El musical\u201d hemos editado el disco con la musica del espect\u00e1culo. Todo el mundo podr\u00e1 disfrutar de las 17 canciones del espect\u00e1culo en cualquier lugar y a cualquier hora. Las letras est\u00e1n inspiradas en el divertido sainete de Santiago Rusi\u00f1ol y que el maestro Joan Vives compuso para que los m\u00fasicos de l\u2019Auditori de Barcelona lo interpretaran en la grabaci\u00f3n.<\/p>\n<p> &hellip;<\/p>\n","protected":false},"author":2,"featured_media":6557,"comment_status":"closed","ping_status":"closed","sticky":false,"template":"","format":"standard","meta":{"_acf_changed":false,"_et_pb_use_builder":"","_et_pb_old_content":"","_et_gb_content_width":"","_joinchat":[],"footnotes":""},"categories":[3],"tags":[76,19,21],"class_list":["post-6580","post","type-post","status-publish","format-standard","has-post-thumbnail","hentry","category-sin-categorizar","tag-comedia-es","tag-gente-bien-es","tag-musical-es"],"acf":[],"yoast_head":"<!-- This site is optimized with the Yoast SEO Premium plugin v22.0 (Yoast SEO v27.0) - https:\/\/yoast.com\/product\/yoast-seo-premium-wordpress\/ -->\n<title>\u00a1Que la m\u00fasica no deje de sonar! - La Cubana<\/title>\n<meta name=\"robots\" content=\"index, follow, max-snippet:-1, max-image-preview:large, max-video-preview:-1\" \/>\n<link rel=\"canonical\" href=\"https:\/\/www.lacubana.es\/es\/que-la-musica-no-deixi-de-sonar\/\" \/>\n<meta property=\"og:locale\" content=\"es_ES\" \/>\n<meta property=\"og:type\" content=\"article\" \/>\n<meta property=\"og:title\" content=\"\u00a1Que la m\u00fasica no deje de sonar!\" \/>\n<meta property=\"og:description\" content=\"\u00a1Ha tardado, pero ya lo tenemos aqu\u00ed! Aprovechando la llegada a los 150.000 espectadores de \u201cGente Bien. El musical\u201d hemos editado el disco con la musica del espect\u00e1culo. Todo el mundo podr\u00e1 disfrutar de las 17 canciones del espect\u00e1culo en cualquier lugar y a cualquier hora. Las letras est\u00e1n inspiradas en el divertido sainete de Santiago Rusi\u00f1ol y que el maestro Joan Vives compuso para que los m\u00fasicos de l\u2019Auditori de Barcelona lo interpretaran en la grabaci\u00f3n. &hellip;\" \/>\n<meta property=\"og:url\" content=\"https:\/\/www.lacubana.es\/es\/que-la-musica-no-deixi-de-sonar\/\" \/>\n<meta property=\"og:site_name\" content=\"La Cubana\" \/>\n<meta property=\"article:published_time\" content=\"2017-04-07T15:16:11+00:00\" \/>\n<meta property=\"article:modified_time\" content=\"2017-05-11T14:40:17+00:00\" \/>\n<meta property=\"og:image\" content=\"https:\/\/www.lacubana.es\/wp-content\/uploads\/2017\/04\/cd-musica.jpg\" \/>\n\t<meta property=\"og:image:width\" content=\"3468\" \/>\n\t<meta property=\"og:image:height\" content=\"1519\" \/>\n\t<meta property=\"og:image:type\" content=\"image\/jpeg\" \/>\n<meta name=\"author\" content=\"Pol Vinyes\" \/>\n<meta name=\"twitter:card\" content=\"summary_large_image\" \/>\n<meta name=\"twitter:label1\" content=\"Escrito por\" \/>\n\t<meta name=\"twitter:data1\" content=\"Pol Vinyes\" \/>\n\t<meta name=\"twitter:label2\" content=\"Tiempo de lectura\" \/>\n\t<meta name=\"twitter:data2\" content=\"1 minuto\" \/>\n<script type=\"application\/ld+json\" class=\"yoast-schema-graph\">{\"@context\":\"https:\/\/schema.org\",\"@graph\":[{\"@type\":\"Article\",\"@id\":\"https:\/\/www.lacubana.es\/es\/que-la-musica-no-deixi-de-sonar\/#article\",\"isPartOf\":{\"@id\":\"https:\/\/www.lacubana.es\/es\/que-la-musica-no-deixi-de-sonar\/\"},\"author\":{\"name\":\"Pol Vinyes\",\"@id\":\"https:\/\/www.lacubana.es\/#\/schema\/person\/c8152ce1e6c55839545d6348cde05329\"},\"headline\":\"\u00a1Que la m\u00fasica no deje de sonar!\",\"datePublished\":\"2017-04-07T15:16:11+00:00\",\"dateModified\":\"2017-05-11T14:40:17+00:00\",\"mainEntityOfPage\":{\"@id\":\"https:\/\/www.lacubana.es\/es\/que-la-musica-no-deixi-de-sonar\/\"},\"wordCount\":118,\"image\":{\"@id\":\"https:\/\/www.lacubana.es\/es\/que-la-musica-no-deixi-de-sonar\/#primaryimage\"},\"thumbnailUrl\":\"https:\/\/www.lacubana.es\/wp-content\/uploads\/2017\/04\/cd-musica.jpg\",\"keywords\":[\"Com\u00e8dia\",\"Gente Bien\",\"Musical\"],\"articleSection\":[\"Sin categorizar\"],\"inLanguage\":\"es\"},{\"@type\":\"WebPage\",\"@id\":\"https:\/\/www.lacubana.es\/es\/que-la-musica-no-deixi-de-sonar\/\",\"url\":\"https:\/\/www.lacubana.es\/es\/que-la-musica-no-deixi-de-sonar\/\",\"name\":\"\u00a1Que la m\u00fasica no deje de sonar! - La Cubana\",\"isPartOf\":{\"@id\":\"https:\/\/www.lacubana.es\/#website\"},\"primaryImageOfPage\":{\"@id\":\"https:\/\/www.lacubana.es\/es\/que-la-musica-no-deixi-de-sonar\/#primaryimage\"},\"image\":{\"@id\":\"https:\/\/www.lacubana.es\/es\/que-la-musica-no-deixi-de-sonar\/#primaryimage\"},\"thumbnailUrl\":\"https:\/\/www.lacubana.es\/wp-content\/uploads\/2017\/04\/cd-musica.jpg\",\"datePublished\":\"2017-04-07T15:16:11+00:00\",\"dateModified\":\"2017-05-11T14:40:17+00:00\",\"author\":{\"@id\":\"https:\/\/www.lacubana.es\/#\/schema\/person\/c8152ce1e6c55839545d6348cde05329\"},\"breadcrumb\":{\"@id\":\"https:\/\/www.lacubana.es\/es\/que-la-musica-no-deixi-de-sonar\/#breadcrumb\"},\"inLanguage\":\"es\",\"potentialAction\":[{\"@type\":\"ReadAction\",\"target\":[\"https:\/\/www.lacubana.es\/es\/que-la-musica-no-deixi-de-sonar\/\"]}]},{\"@type\":\"ImageObject\",\"inLanguage\":\"es\",\"@id\":\"https:\/\/www.lacubana.es\/es\/que-la-musica-no-deixi-de-sonar\/#primaryimage\",\"url\":\"https:\/\/www.lacubana.es\/wp-content\/uploads\/2017\/04\/cd-musica.jpg\",\"contentUrl\":\"https:\/\/www.lacubana.es\/wp-content\/uploads\/2017\/04\/cd-musica.jpg\",\"width\":3468,\"height\":1519},{\"@type\":\"BreadcrumbList\",\"@id\":\"https:\/\/www.lacubana.es\/es\/que-la-musica-no-deixi-de-sonar\/#breadcrumb\",\"itemListElement\":[{\"@type\":\"ListItem\",\"position\":1,\"name\":\"Inici\",\"item\":\"https:\/\/www.lacubana.es\/es\/\"},{\"@type\":\"ListItem\",\"position\":2,\"name\":\"\u00a1Que la m\u00fasica no deje de sonar!\"}]},{\"@type\":\"WebSite\",\"@id\":\"https:\/\/www.lacubana.es\/#website\",\"url\":\"https:\/\/www.lacubana.es\/\",\"name\":\"La Cubana\",\"description\":\"Teatro La Cubana\",\"potentialAction\":[{\"@type\":\"SearchAction\",\"target\":{\"@type\":\"EntryPoint\",\"urlTemplate\":\"https:\/\/www.lacubana.es\/?s={search_term_string}\"},\"query-input\":{\"@type\":\"PropertyValueSpecification\",\"valueRequired\":true,\"valueName\":\"search_term_string\"}}],\"inLanguage\":\"es\"},{\"@type\":\"Person\",\"@id\":\"https:\/\/www.lacubana.es\/#\/schema\/person\/c8152ce1e6c55839545d6348cde05329\",\"name\":\"Pol Vinyes\",\"image\":{\"@type\":\"ImageObject\",\"inLanguage\":\"es\",\"@id\":\"https:\/\/www.lacubana.es\/#\/schema\/person\/image\/\",\"url\":\"https:\/\/secure.gravatar.com\/avatar\/c6702000708b6847f0e1aee67258df623c3d0818f32423125064b8c43dc6d27a?s=96&d=mm&r=g\",\"contentUrl\":\"https:\/\/secure.gravatar.com\/avatar\/c6702000708b6847f0e1aee67258df623c3d0818f32423125064b8c43dc6d27a?s=96&d=mm&r=g\",\"caption\":\"Pol Vinyes\"},\"sameAs\":[\"https:\/\/www.lacubana.es\"],\"url\":\"https:\/\/www.lacubana.es\/es\/author\/gestio\/\"}]}<\/script>\n<!-- \/ Yoast SEO Premium plugin. -->","yoast_head_json":{"title":"\u00a1Que la m\u00fasica no deje de sonar! - La Cubana","robots":{"index":"index","follow":"follow","max-snippet":"max-snippet:-1","max-image-preview":"max-image-preview:large","max-video-preview":"max-video-preview:-1"},"canonical":"https:\/\/www.lacubana.es\/es\/que-la-musica-no-deixi-de-sonar\/","og_locale":"es_ES","og_type":"article","og_title":"\u00a1Que la m\u00fasica no deje de sonar!","og_description":"\u00a1Ha tardado, pero ya lo tenemos aqu\u00ed! Aprovechando la llegada a los 150.000 espectadores de \u201cGente Bien. El musical\u201d hemos editado el disco con la musica del espect\u00e1culo. Todo el mundo podr\u00e1 disfrutar de las 17 canciones del espect\u00e1culo en cualquier lugar y a cualquier hora. Las letras est\u00e1n inspiradas en el divertido sainete de Santiago Rusi\u00f1ol y que el maestro Joan Vives compuso para que los m\u00fasicos de l\u2019Auditori de Barcelona lo interpretaran en la grabaci\u00f3n. &hellip;","og_url":"https:\/\/www.lacubana.es\/es\/que-la-musica-no-deixi-de-sonar\/","og_site_name":"La Cubana","article_published_time":"2017-04-07T15:16:11+00:00","article_modified_time":"2017-05-11T14:40:17+00:00","og_image":[{"width":3468,"height":1519,"url":"https:\/\/www.lacubana.es\/wp-content\/uploads\/2017\/04\/cd-musica.jpg","type":"image\/jpeg"}],"author":"Pol Vinyes","twitter_card":"summary_large_image","twitter_misc":{"Escrito por":"Pol Vinyes","Tiempo de lectura":"1 minuto"},"schema":{"@context":"https:\/\/schema.org","@graph":[{"@type":"Article","@id":"https:\/\/www.lacubana.es\/es\/que-la-musica-no-deixi-de-sonar\/#article","isPartOf":{"@id":"https:\/\/www.lacubana.es\/es\/que-la-musica-no-deixi-de-sonar\/"},"author":{"name":"Pol Vinyes","@id":"https:\/\/www.lacubana.es\/#\/schema\/person\/c8152ce1e6c55839545d6348cde05329"},"headline":"\u00a1Que la m\u00fasica no deje de sonar!","datePublished":"2017-04-07T15:16:11+00:00","dateModified":"2017-05-11T14:40:17+00:00","mainEntityOfPage":{"@id":"https:\/\/www.lacubana.es\/es\/que-la-musica-no-deixi-de-sonar\/"},"wordCount":118,"image":{"@id":"https:\/\/www.lacubana.es\/es\/que-la-musica-no-deixi-de-sonar\/#primaryimage"},"thumbnailUrl":"https:\/\/www.lacubana.es\/wp-content\/uploads\/2017\/04\/cd-musica.jpg","keywords":["Com\u00e8dia","Gente Bien","Musical"],"articleSection":["Sin categorizar"],"inLanguage":"es"},{"@type":"WebPage","@id":"https:\/\/www.lacubana.es\/es\/que-la-musica-no-deixi-de-sonar\/","url":"https:\/\/www.lacubana.es\/es\/que-la-musica-no-deixi-de-sonar\/","name":"\u00a1Que la m\u00fasica no deje de sonar! - La Cubana","isPartOf":{"@id":"https:\/\/www.lacubana.es\/#website"},"primaryImageOfPage":{"@id":"https:\/\/www.lacubana.es\/es\/que-la-musica-no-deixi-de-sonar\/#primaryimage"},"image":{"@id":"https:\/\/www.lacubana.es\/es\/que-la-musica-no-deixi-de-sonar\/#primaryimage"},"thumbnailUrl":"https:\/\/www.lacubana.es\/wp-content\/uploads\/2017\/04\/cd-musica.jpg","datePublished":"2017-04-07T15:16:11+00:00","dateModified":"2017-05-11T14:40:17+00:00","author":{"@id":"https:\/\/www.lacubana.es\/#\/schema\/person\/c8152ce1e6c55839545d6348cde05329"},"breadcrumb":{"@id":"https:\/\/www.lacubana.es\/es\/que-la-musica-no-deixi-de-sonar\/#breadcrumb"},"inLanguage":"es","potentialAction":[{"@type":"ReadAction","target":["https:\/\/www.lacubana.es\/es\/que-la-musica-no-deixi-de-sonar\/"]}]},{"@type":"ImageObject","inLanguage":"es","@id":"https:\/\/www.lacubana.es\/es\/que-la-musica-no-deixi-de-sonar\/#primaryimage","url":"https:\/\/www.lacubana.es\/wp-content\/uploads\/2017\/04\/cd-musica.jpg","contentUrl":"https:\/\/www.lacubana.es\/wp-content\/uploads\/2017\/04\/cd-musica.jpg","width":3468,"height":1519},{"@type":"BreadcrumbList","@id":"https:\/\/www.lacubana.es\/es\/que-la-musica-no-deixi-de-sonar\/#breadcrumb","itemListElement":[{"@type":"ListItem","position":1,"name":"Inici","item":"https:\/\/www.lacubana.es\/es\/"},{"@type":"ListItem","position":2,"name":"\u00a1Que la m\u00fasica no deje de sonar!"}]},{"@type":"WebSite","@id":"https:\/\/www.lacubana.es\/#website","url":"https:\/\/www.lacubana.es\/","name":"La Cubana","description":"Teatro La Cubana","potentialAction":[{"@type":"SearchAction","target":{"@type":"EntryPoint","urlTemplate":"https:\/\/www.lacubana.es\/?s={search_term_string}"},"query-input":{"@type":"PropertyValueSpecification","valueRequired":true,"valueName":"search_term_string"}}],"inLanguage":"es"},{"@type":"Person","@id":"https:\/\/www.lacubana.es\/#\/schema\/person\/c8152ce1e6c55839545d6348cde05329","name":"Pol Vinyes","image":{"@type":"ImageObject","inLanguage":"es","@id":"https:\/\/www.lacubana.es\/#\/schema\/person\/image\/","url":"https:\/\/secure.gravatar.com\/avatar\/c6702000708b6847f0e1aee67258df623c3d0818f32423125064b8c43dc6d27a?s=96&d=mm&r=g","contentUrl":"https:\/\/secure.gravatar.com\/avatar\/c6702000708b6847f0e1aee67258df623c3d0818f32423125064b8c43dc6d27a?s=96&d=mm&r=g","caption":"Pol Vinyes"},"sameAs":["https:\/\/www.lacubana.es"],"url":"https:\/\/www.lacubana.es\/es\/author\/gestio\/"}]}},"_links":{"self":[{"href":"https:\/\/www.lacubana.es\/es\/wp-json\/wp\/v2\/posts\/6580","targetHints":{"allow":["GET"]}}],"collection":[{"href":"https:\/\/www.lacubana.es\/es\/wp-json\/wp\/v2\/posts"}],"about":[{"href":"https:\/\/www.lacubana.es\/es\/wp-json\/wp\/v2\/types\/post"}],"author":[{"embeddable":true,"href":"https:\/\/www.lacubana.es\/es\/wp-json\/wp\/v2\/users\/2"}],"replies":[{"embeddable":true,"href":"https:\/\/www.lacubana.es\/es\/wp-json\/wp\/v2\/comments?post=6580"}],"version-history":[{"count":0,"href":"https:\/\/www.lacubana.es\/es\/wp-json\/wp\/v2\/posts\/6580\/revisions"}],"wp:featuredmedia":[{"embeddable":true,"href":"https:\/\/www.lacubana.es\/es\/wp-json\/wp\/v2\/media\/6557"}],"wp:attachment":[{"href":"https:\/\/www.lacubana.es\/es\/wp-json\/wp\/v2\/media?parent=6580"}],"wp:term":[{"taxonomy":"category","embeddable":true,"href":"https:\/\/www.lacubana.es\/es\/wp-json\/wp\/v2\/categories?post=6580"},{"taxonomy":"post_tag","embeddable":true,"href":"https:\/\/www.lacubana.es\/es\/wp-json\/wp\/v2\/tags?post=6580"}],"curies":[{"name":"wp","href":"https:\/\/api.w.org\/{rel}","templated":true}]}}