{"id":6360,"date":"2016-09-27T14:40:43","date_gmt":"2016-09-27T14:40:43","guid":{"rendered":"https:\/\/www.lacubana.es\/es\/?p=6360"},"modified":"2016-09-27T14:55:25","modified_gmt":"2016-09-27T14:55:25","slug":"presentacion-en-sociedad","status":"publish","type":"post","link":"https:\/\/www.lacubana.es\/es\/presentacion-en-sociedad\/","title":{"rendered":"Presentaci\u00f3n en sociedad"},"content":{"rendered":"<p>Pues esta ma\u00f1ana La Cubana ha presentado a los medios de comunicaci\u00f3n el espect\u00e1culo que van a hacer en el Teatro Coliseum. Si has pasado por delante lo habr\u00e1s visto&#8230; cuanta gente&#8230; qu\u00e9 musica\u2026 qu\u00e9 riqueza\u2026 qu\u00e9 vestuario\u2026 \u00a1Han contado que est\u00e1 casi todo listo! \u00a1Que a partir del jueves 29 de Septiembre nos esperan all\u00ed! \u00a1Qu\u00e9 nervios!!!<\/p>\n<p><img decoding=\"async\" class=\"alignnone size-large wp-image-6364\" src=\"https:\/\/www.lacubana.es\/wp-content\/uploads\/2016\/09\/foto-rp-02-730x1024.jpg\" alt=\"foto-rp-02\" width=\"730\" height=\"1024\" srcset=\"https:\/\/www.lacubana.es\/wp-content\/uploads\/2016\/09\/foto-rp-02-730x1024.jpg 730w, https:\/\/www.lacubana.es\/wp-content\/uploads\/2016\/09\/foto-rp-02-214x300.jpg 214w, https:\/\/www.lacubana.es\/wp-content\/uploads\/2016\/09\/foto-rp-02-768x1077.jpg 768w\" sizes=\"(max-width: 730px) 100vw, 730px\" \/> <\/p>\n","protected":false},"excerpt":{"rendered":"<p>Pues esta ma\u00f1ana La Cubana ha presentado a los medios de comunicaci\u00f3n el espect\u00e1culo que van a hacer en el Teatro Coliseum. Si has pasado por delante lo habr\u00e1s visto&#8230; cuanta gente&#8230; qu\u00e9 musica\u2026 qu\u00e9 riqueza\u2026 qu\u00e9 vestuario\u2026 \u00a1Han contado que est\u00e1 casi todo listo! \u00a1Que a partir del jueves 29 de Septiembre nos esperan all\u00ed!<\/p>\n<p> &hellip;<\/p>\n","protected":false},"author":2,"featured_media":6369,"comment_status":"closed","ping_status":"closed","sticky":false,"template":"","format":"standard","meta":{"_acf_changed":false,"_et_pb_use_builder":"","_et_pb_old_content":"","_et_gb_content_width":"","_joinchat":[],"footnotes":""},"categories":[3],"tags":[21,9],"class_list":["post-6360","post","type-post","status-publish","format-standard","has-post-thumbnail","hentry","category-sin-categorizar","tag-musical-es","tag-teatre-es"],"acf":[],"yoast_head":"<!-- This site is optimized with the Yoast SEO Premium plugin v22.0 (Yoast SEO v27.0) - https:\/\/yoast.com\/product\/yoast-seo-premium-wordpress\/ -->\n<title>Presentaci\u00f3n en sociedad - La Cubana<\/title>\n<meta name=\"robots\" content=\"index, follow, max-snippet:-1, max-image-preview:large, max-video-preview:-1\" \/>\n<link rel=\"canonical\" href=\"https:\/\/www.lacubana.es\/es\/presentacion-en-sociedad\/\" \/>\n<meta property=\"og:locale\" content=\"es_ES\" \/>\n<meta property=\"og:type\" content=\"article\" \/>\n<meta property=\"og:title\" content=\"Presentaci\u00f3n en sociedad\" \/>\n<meta property=\"og:description\" content=\"Pues esta ma\u00f1ana La Cubana ha presentado a los medios de comunicaci\u00f3n el espect\u00e1culo que van a hacer en el Teatro Coliseum. Si has pasado por delante lo habr\u00e1s visto&#8230; cuanta gente&#8230; qu\u00e9 musica\u2026 qu\u00e9 riqueza\u2026 qu\u00e9 vestuario\u2026 \u00a1Han contado que est\u00e1 casi todo listo! \u00a1Que a partir del jueves 29 de Septiembre nos esperan all\u00ed! &hellip;\" \/>\n<meta property=\"og:url\" content=\"https:\/\/www.lacubana.es\/es\/presentacion-en-sociedad\/\" \/>\n<meta property=\"og:site_name\" content=\"La Cubana\" \/>\n<meta property=\"article:published_time\" content=\"2016-09-27T14:40:43+00:00\" \/>\n<meta property=\"article:modified_time\" content=\"2016-09-27T14:55:25+00:00\" \/>\n<meta property=\"og:image\" content=\"https:\/\/www.lacubana.es\/wp-content\/uploads\/2016\/09\/foto-rp-04-1024x698.jpg\" \/>\n\t<meta property=\"og:image:width\" content=\"1024\" \/>\n\t<meta property=\"og:image:height\" content=\"698\" \/>\n\t<meta property=\"og:image:type\" content=\"image\/jpeg\" \/>\n<meta name=\"author\" content=\"Pol Vinyes\" \/>\n<meta name=\"twitter:card\" content=\"summary_large_image\" \/>\n<meta name=\"twitter:label1\" content=\"Escrito por\" \/>\n\t<meta name=\"twitter:data1\" content=\"Pol Vinyes\" \/>\n<script type=\"application\/ld+json\" class=\"yoast-schema-graph\">{\"@context\":\"https:\/\/schema.org\",\"@graph\":[{\"@type\":\"Article\",\"@id\":\"https:\/\/www.lacubana.es\/es\/presentacion-en-sociedad\/#article\",\"isPartOf\":{\"@id\":\"https:\/\/www.lacubana.es\/es\/presentacion-en-sociedad\/\"},\"author\":{\"name\":\"Pol Vinyes\",\"@id\":\"https:\/\/www.lacubana.es\/#\/schema\/person\/c8152ce1e6c55839545d6348cde05329\"},\"headline\":\"Presentaci\u00f3n en sociedad\",\"datePublished\":\"2016-09-27T14:40:43+00:00\",\"dateModified\":\"2016-09-27T14:55:25+00:00\",\"mainEntityOfPage\":{\"@id\":\"https:\/\/www.lacubana.es\/es\/presentacion-en-sociedad\/\"},\"wordCount\":65,\"image\":{\"@id\":\"https:\/\/www.lacubana.es\/es\/presentacion-en-sociedad\/#primaryimage\"},\"thumbnailUrl\":\"https:\/\/www.lacubana.es\/wp-content\/uploads\/2016\/09\/foto-rp-04.jpg\",\"keywords\":[\"Musical\",\"teatre\"],\"articleSection\":[\"Sin categorizar\"],\"inLanguage\":\"es\"},{\"@type\":\"WebPage\",\"@id\":\"https:\/\/www.lacubana.es\/es\/presentacion-en-sociedad\/\",\"url\":\"https:\/\/www.lacubana.es\/es\/presentacion-en-sociedad\/\",\"name\":\"Presentaci\u00f3n en sociedad - La Cubana\",\"isPartOf\":{\"@id\":\"https:\/\/www.lacubana.es\/#website\"},\"primaryImageOfPage\":{\"@id\":\"https:\/\/www.lacubana.es\/es\/presentacion-en-sociedad\/#primaryimage\"},\"image\":{\"@id\":\"https:\/\/www.lacubana.es\/es\/presentacion-en-sociedad\/#primaryimage\"},\"thumbnailUrl\":\"https:\/\/www.lacubana.es\/wp-content\/uploads\/2016\/09\/foto-rp-04.jpg\",\"datePublished\":\"2016-09-27T14:40:43+00:00\",\"dateModified\":\"2016-09-27T14:55:25+00:00\",\"author\":{\"@id\":\"https:\/\/www.lacubana.es\/#\/schema\/person\/c8152ce1e6c55839545d6348cde05329\"},\"breadcrumb\":{\"@id\":\"https:\/\/www.lacubana.es\/es\/presentacion-en-sociedad\/#breadcrumb\"},\"inLanguage\":\"es\",\"potentialAction\":[{\"@type\":\"ReadAction\",\"target\":[\"https:\/\/www.lacubana.es\/es\/presentacion-en-sociedad\/\"]}]},{\"@type\":\"ImageObject\",\"inLanguage\":\"es\",\"@id\":\"https:\/\/www.lacubana.es\/es\/presentacion-en-sociedad\/#primaryimage\",\"url\":\"https:\/\/www.lacubana.es\/wp-content\/uploads\/2016\/09\/foto-rp-04.jpg\",\"contentUrl\":\"https:\/\/www.lacubana.es\/wp-content\/uploads\/2016\/09\/foto-rp-04.jpg\",\"width\":3142,\"height\":2141},{\"@type\":\"BreadcrumbList\",\"@id\":\"https:\/\/www.lacubana.es\/es\/presentacion-en-sociedad\/#breadcrumb\",\"itemListElement\":[{\"@type\":\"ListItem\",\"position\":1,\"name\":\"Inici\",\"item\":\"https:\/\/www.lacubana.es\/es\/\"},{\"@type\":\"ListItem\",\"position\":2,\"name\":\"Presentaci\u00f3n en sociedad\"}]},{\"@type\":\"WebSite\",\"@id\":\"https:\/\/www.lacubana.es\/#website\",\"url\":\"https:\/\/www.lacubana.es\/\",\"name\":\"La Cubana\",\"description\":\"Teatro La Cubana\",\"potentialAction\":[{\"@type\":\"SearchAction\",\"target\":{\"@type\":\"EntryPoint\",\"urlTemplate\":\"https:\/\/www.lacubana.es\/?s={search_term_string}\"},\"query-input\":{\"@type\":\"PropertyValueSpecification\",\"valueRequired\":true,\"valueName\":\"search_term_string\"}}],\"inLanguage\":\"es\"},{\"@type\":\"Person\",\"@id\":\"https:\/\/www.lacubana.es\/#\/schema\/person\/c8152ce1e6c55839545d6348cde05329\",\"name\":\"Pol Vinyes\",\"image\":{\"@type\":\"ImageObject\",\"inLanguage\":\"es\",\"@id\":\"https:\/\/www.lacubana.es\/#\/schema\/person\/image\/\",\"url\":\"https:\/\/secure.gravatar.com\/avatar\/c6702000708b6847f0e1aee67258df623c3d0818f32423125064b8c43dc6d27a?s=96&d=mm&r=g\",\"contentUrl\":\"https:\/\/secure.gravatar.com\/avatar\/c6702000708b6847f0e1aee67258df623c3d0818f32423125064b8c43dc6d27a?s=96&d=mm&r=g\",\"caption\":\"Pol Vinyes\"},\"sameAs\":[\"https:\/\/www.lacubana.es\"],\"url\":\"https:\/\/www.lacubana.es\/es\/author\/gestio\/\"}]}<\/script>\n<!-- \/ Yoast SEO Premium plugin. -->","yoast_head_json":{"title":"Presentaci\u00f3n en sociedad - La Cubana","robots":{"index":"index","follow":"follow","max-snippet":"max-snippet:-1","max-image-preview":"max-image-preview:large","max-video-preview":"max-video-preview:-1"},"canonical":"https:\/\/www.lacubana.es\/es\/presentacion-en-sociedad\/","og_locale":"es_ES","og_type":"article","og_title":"Presentaci\u00f3n en sociedad","og_description":"Pues esta ma\u00f1ana La Cubana ha presentado a los medios de comunicaci\u00f3n el espect\u00e1culo que van a hacer en el Teatro Coliseum. Si has pasado por delante lo habr\u00e1s visto&#8230; cuanta gente&#8230; qu\u00e9 musica\u2026 qu\u00e9 riqueza\u2026 qu\u00e9 vestuario\u2026 \u00a1Han contado que est\u00e1 casi todo listo! \u00a1Que a partir del jueves 29 de Septiembre nos esperan all\u00ed! &hellip;","og_url":"https:\/\/www.lacubana.es\/es\/presentacion-en-sociedad\/","og_site_name":"La Cubana","article_published_time":"2016-09-27T14:40:43+00:00","article_modified_time":"2016-09-27T14:55:25+00:00","og_image":[{"width":1024,"height":698,"url":"https:\/\/www.lacubana.es\/wp-content\/uploads\/2016\/09\/foto-rp-04-1024x698.jpg","type":"image\/jpeg"}],"author":"Pol Vinyes","twitter_card":"summary_large_image","twitter_misc":{"Escrito por":"Pol Vinyes"},"schema":{"@context":"https:\/\/schema.org","@graph":[{"@type":"Article","@id":"https:\/\/www.lacubana.es\/es\/presentacion-en-sociedad\/#article","isPartOf":{"@id":"https:\/\/www.lacubana.es\/es\/presentacion-en-sociedad\/"},"author":{"name":"Pol Vinyes","@id":"https:\/\/www.lacubana.es\/#\/schema\/person\/c8152ce1e6c55839545d6348cde05329"},"headline":"Presentaci\u00f3n en sociedad","datePublished":"2016-09-27T14:40:43+00:00","dateModified":"2016-09-27T14:55:25+00:00","mainEntityOfPage":{"@id":"https:\/\/www.lacubana.es\/es\/presentacion-en-sociedad\/"},"wordCount":65,"image":{"@id":"https:\/\/www.lacubana.es\/es\/presentacion-en-sociedad\/#primaryimage"},"thumbnailUrl":"https:\/\/www.lacubana.es\/wp-content\/uploads\/2016\/09\/foto-rp-04.jpg","keywords":["Musical","teatre"],"articleSection":["Sin categorizar"],"inLanguage":"es"},{"@type":"WebPage","@id":"https:\/\/www.lacubana.es\/es\/presentacion-en-sociedad\/","url":"https:\/\/www.lacubana.es\/es\/presentacion-en-sociedad\/","name":"Presentaci\u00f3n en sociedad - La Cubana","isPartOf":{"@id":"https:\/\/www.lacubana.es\/#website"},"primaryImageOfPage":{"@id":"https:\/\/www.lacubana.es\/es\/presentacion-en-sociedad\/#primaryimage"},"image":{"@id":"https:\/\/www.lacubana.es\/es\/presentacion-en-sociedad\/#primaryimage"},"thumbnailUrl":"https:\/\/www.lacubana.es\/wp-content\/uploads\/2016\/09\/foto-rp-04.jpg","datePublished":"2016-09-27T14:40:43+00:00","dateModified":"2016-09-27T14:55:25+00:00","author":{"@id":"https:\/\/www.lacubana.es\/#\/schema\/person\/c8152ce1e6c55839545d6348cde05329"},"breadcrumb":{"@id":"https:\/\/www.lacubana.es\/es\/presentacion-en-sociedad\/#breadcrumb"},"inLanguage":"es","potentialAction":[{"@type":"ReadAction","target":["https:\/\/www.lacubana.es\/es\/presentacion-en-sociedad\/"]}]},{"@type":"ImageObject","inLanguage":"es","@id":"https:\/\/www.lacubana.es\/es\/presentacion-en-sociedad\/#primaryimage","url":"https:\/\/www.lacubana.es\/wp-content\/uploads\/2016\/09\/foto-rp-04.jpg","contentUrl":"https:\/\/www.lacubana.es\/wp-content\/uploads\/2016\/09\/foto-rp-04.jpg","width":3142,"height":2141},{"@type":"BreadcrumbList","@id":"https:\/\/www.lacubana.es\/es\/presentacion-en-sociedad\/#breadcrumb","itemListElement":[{"@type":"ListItem","position":1,"name":"Inici","item":"https:\/\/www.lacubana.es\/es\/"},{"@type":"ListItem","position":2,"name":"Presentaci\u00f3n en sociedad"}]},{"@type":"WebSite","@id":"https:\/\/www.lacubana.es\/#website","url":"https:\/\/www.lacubana.es\/","name":"La Cubana","description":"Teatro La Cubana","potentialAction":[{"@type":"SearchAction","target":{"@type":"EntryPoint","urlTemplate":"https:\/\/www.lacubana.es\/?s={search_term_string}"},"query-input":{"@type":"PropertyValueSpecification","valueRequired":true,"valueName":"search_term_string"}}],"inLanguage":"es"},{"@type":"Person","@id":"https:\/\/www.lacubana.es\/#\/schema\/person\/c8152ce1e6c55839545d6348cde05329","name":"Pol Vinyes","image":{"@type":"ImageObject","inLanguage":"es","@id":"https:\/\/www.lacubana.es\/#\/schema\/person\/image\/","url":"https:\/\/secure.gravatar.com\/avatar\/c6702000708b6847f0e1aee67258df623c3d0818f32423125064b8c43dc6d27a?s=96&d=mm&r=g","contentUrl":"https:\/\/secure.gravatar.com\/avatar\/c6702000708b6847f0e1aee67258df623c3d0818f32423125064b8c43dc6d27a?s=96&d=mm&r=g","caption":"Pol Vinyes"},"sameAs":["https:\/\/www.lacubana.es"],"url":"https:\/\/www.lacubana.es\/es\/author\/gestio\/"}]}},"_links":{"self":[{"href":"https:\/\/www.lacubana.es\/es\/wp-json\/wp\/v2\/posts\/6360","targetHints":{"allow":["GET"]}}],"collection":[{"href":"https:\/\/www.lacubana.es\/es\/wp-json\/wp\/v2\/posts"}],"about":[{"href":"https:\/\/www.lacubana.es\/es\/wp-json\/wp\/v2\/types\/post"}],"author":[{"embeddable":true,"href":"https:\/\/www.lacubana.es\/es\/wp-json\/wp\/v2\/users\/2"}],"replies":[{"embeddable":true,"href":"https:\/\/www.lacubana.es\/es\/wp-json\/wp\/v2\/comments?post=6360"}],"version-history":[{"count":0,"href":"https:\/\/www.lacubana.es\/es\/wp-json\/wp\/v2\/posts\/6360\/revisions"}],"wp:featuredmedia":[{"embeddable":true,"href":"https:\/\/www.lacubana.es\/es\/wp-json\/wp\/v2\/media\/6369"}],"wp:attachment":[{"href":"https:\/\/www.lacubana.es\/es\/wp-json\/wp\/v2\/media?parent=6360"}],"wp:term":[{"taxonomy":"category","embeddable":true,"href":"https:\/\/www.lacubana.es\/es\/wp-json\/wp\/v2\/categories?post=6360"},{"taxonomy":"post_tag","embeddable":true,"href":"https:\/\/www.lacubana.es\/es\/wp-json\/wp\/v2\/tags?post=6360"}],"curies":[{"name":"wp","href":"https:\/\/api.w.org\/{rel}","templated":true}]}}