{"id":6203,"date":"2016-07-04T12:34:51","date_gmt":"2016-07-04T12:34:51","guid":{"rendered":"https:\/\/www.lacubana.es\/es\/conversa-telefonica-a-la-linia-59-del-bus\/"},"modified":"2016-07-13T07:11:08","modified_gmt":"2016-07-13T07:11:08","slug":"conversa-telefonica-a-la-linia-59-del-bus","status":"publish","type":"post","link":"https:\/\/www.lacubana.es\/es\/conversa-telefonica-a-la-linia-59-del-bus\/","title":{"rendered":"Conversaci\u00f3n telef\u00f3nica en la l\u00ednia 59 del bus"},"content":{"rendered":"<p>\u201cAyer me encontr\u00e9 a Paquita Santesmases, la vecina del 3ero 4rta, aquella que estaba casada con el notario, pero que se divorci\u00f3 despu\u00e9s de ese l\u00edo de faldas con las secretaria. Resulta que me coment\u00f3 que Francisco y sus hijos quieren ir a ver La Cubana en Octubre en el Teatro Coliseum\u2026 \u00bfNo sab\u00edas que Paquita estaba con Francisco? S\u00ed, el de la carnicer\u00eda de delante de casa. Como \u00e9l se hab\u00eda quedado viudo y con tres hijos y se apunt\u00f3 a clases de pintura en el Centro C\u00edvico y all\u00ed iba tambi\u00e9n Paquita, y entre pincelada y pincelada surgi\u00f3 el amor\u2026 El caso es que me comentaron que si hac\u00edamos cu\u00f3rum en la escalera para formar un grupo para ir al teatro. Ellos son cinco, adem\u00e1s de Roc\u00edo y Astrid de la carnicer\u00eda que tambi\u00e9n vienen con sus novios.<\/p>\n<p>Tambi\u00e9n se ha apuntado mi hijo, Alberto, que vendr\u00e1 con Ruth del 1ero 2nda, que se ve que hace algunas semanas que salen\u2026 S\u00ed, la del piso de estudiantes\u2026 Ella es maja y las veces que hemos coincidido en la azotea a tender la ropa me ha parecido muy educada y amable\u2026 A ver si les funciona\u2026 Despu\u00e9s de Leti, Alberto estaba un poco apagado\u2026 y ahora se le ve m\u00e1s animado. \u00a1Pero no es una cita, no, mujer!!! No, porqu\u00e9 tambi\u00e9n se han apuntado los compa\u00f1eros del taller de motos donde trabaja\u2026 Son buena gente\u2026 Pero hay uno, Santi, que d\u00e9jatelo correr\u2026 \u00c9ste, cada d\u00eda va de flor en flor\u2026. Pero son j\u00f3venes\u2026 a\u00fan no saben lo que quieren.<\/p>\n<p>La cuesti\u00f3n es que\u2026 \u00bfPor d\u00f3nde iba? \u00a1Ah, s\u00ed! Mercedes y Mila de la Mercer\u00eda se apuntan, y tambi\u00e9n vienen con tres amigas m\u00e1s de Aquagym, y si vamos t\u00fa y yo ya seremos veintiuno\u2026 Y el precio es espectacular. Nos cuesta 23,76\u20ac por persona&#8230; \u00a1Una ganga, vaya! \u00a1Venga, mujer, que lo vamos a pasar bien!\u201d<\/p>\n<p>Entradas para grupos de m\u00e1s de 20 persones a partir de 23,76\u20ac<\/p>\n<p>M\u00e1s informaci\u00f3n a <a href=\"mailto:grups@lacubana.es\">grups@lacubana.es<\/a> i al tel\u00e9fono 93 336 02 22<\/p>\n<p><img decoding=\"async\" class=\"alignnone size-large wp-image-6197\" src=\"https:\/\/www.lacubana.es\/wp-content\/uploads\/2016\/07\/rja3604-1024x682.jpg\" alt=\"_RJA3604\" width=\"1024\" height=\"682\" srcset=\"https:\/\/www.lacubana.es\/wp-content\/uploads\/2016\/07\/rja3604-1024x682.jpg 1024w, https:\/\/www.lacubana.es\/wp-content\/uploads\/2016\/07\/rja3604-300x200.jpg 300w, https:\/\/www.lacubana.es\/wp-content\/uploads\/2016\/07\/rja3604-768x511.jpg 768w\" sizes=\"(max-width: 1024px) 100vw, 1024px\" \/> <\/p>\n","protected":false},"excerpt":{"rendered":"<p>\u201cAyer me encontr\u00e9 a Paquita Santesmases, la vecina del 3ero 4rta, aquella que estaba casada con el notario, pero que se divorci\u00f3 despu\u00e9s de ese l\u00edo de faldas con las secretaria. Resulta que me coment\u00f3 que Francisco y sus hijos quieren ir a ver La Cubana en Octubre en el Teatro Coliseum\u2026 \u00bfNo sab\u00edas que Paquita estaba con Francisco?<\/p>\n<p> &hellip;<\/p>\n","protected":false},"author":2,"featured_media":6199,"comment_status":"closed","ping_status":"closed","sticky":false,"template":"","format":"standard","meta":{"_acf_changed":false,"_et_pb_use_builder":"","_et_pb_old_content":"","_et_gb_content_width":"","_joinchat":[],"footnotes":""},"categories":[3],"tags":[19,24,21,25],"class_list":["post-6203","post","type-post","status-publish","format-standard","has-post-thumbnail","hentry","category-sin-categorizar","tag-gente-bien-es","tag-grupos","tag-musical-es","tag-teatro"],"acf":[],"yoast_head":"<!-- This site is optimized with the Yoast SEO Premium plugin v22.0 (Yoast SEO v27.0) - https:\/\/yoast.com\/product\/yoast-seo-premium-wordpress\/ -->\n<title>Conversaci\u00f3n telef\u00f3nica en la l\u00ednia 59 del bus - La Cubana<\/title>\n<meta name=\"robots\" content=\"index, follow, max-snippet:-1, max-image-preview:large, max-video-preview:-1\" \/>\n<link rel=\"canonical\" href=\"https:\/\/www.lacubana.es\/es\/conversa-telefonica-a-la-linia-59-del-bus\/\" \/>\n<meta property=\"og:locale\" content=\"es_ES\" \/>\n<meta property=\"og:type\" content=\"article\" \/>\n<meta property=\"og:title\" content=\"Conversaci\u00f3n telef\u00f3nica en la l\u00ednia 59 del bus\" \/>\n<meta property=\"og:description\" content=\"\u201cAyer me encontr\u00e9 a Paquita Santesmases, la vecina del 3ero 4rta, aquella que estaba casada con el notario, pero que se divorci\u00f3 despu\u00e9s de ese l\u00edo de faldas con las secretaria. Resulta que me coment\u00f3 que Francisco y sus hijos quieren ir a ver La Cubana en Octubre en el Teatro Coliseum\u2026 \u00bfNo sab\u00edas que Paquita estaba con Francisco? &hellip;\" \/>\n<meta property=\"og:url\" content=\"https:\/\/www.lacubana.es\/es\/conversa-telefonica-a-la-linia-59-del-bus\/\" \/>\n<meta property=\"og:site_name\" content=\"La Cubana\" \/>\n<meta property=\"article:published_time\" content=\"2016-07-04T12:34:51+00:00\" \/>\n<meta property=\"article:modified_time\" content=\"2016-07-13T07:11:08+00:00\" \/>\n<meta property=\"og:image\" content=\"https:\/\/www.lacubana.es\/wp-content\/uploads\/2016\/07\/rja3604.jpg\" \/>\n\t<meta property=\"og:image:width\" content=\"2362\" \/>\n\t<meta property=\"og:image:height\" content=\"1572\" \/>\n\t<meta property=\"og:image:type\" content=\"image\/jpeg\" \/>\n<meta name=\"author\" content=\"Pol Vinyes\" \/>\n<meta name=\"twitter:card\" content=\"summary_large_image\" \/>\n<meta name=\"twitter:label1\" content=\"Escrito por\" \/>\n\t<meta name=\"twitter:data1\" content=\"Pol Vinyes\" \/>\n\t<meta name=\"twitter:label2\" content=\"Tiempo de lectura\" \/>\n\t<meta name=\"twitter:data2\" content=\"2 minutos\" \/>\n<script type=\"application\/ld+json\" class=\"yoast-schema-graph\">{\"@context\":\"https:\/\/schema.org\",\"@graph\":[{\"@type\":\"Article\",\"@id\":\"https:\/\/www.lacubana.es\/es\/conversa-telefonica-a-la-linia-59-del-bus\/#article\",\"isPartOf\":{\"@id\":\"https:\/\/www.lacubana.es\/es\/conversa-telefonica-a-la-linia-59-del-bus\/\"},\"author\":{\"name\":\"Pol Vinyes\",\"@id\":\"https:\/\/www.lacubana.es\/#\/schema\/person\/c8152ce1e6c55839545d6348cde05329\"},\"headline\":\"Conversaci\u00f3n telef\u00f3nica en la l\u00ednia 59 del bus\",\"datePublished\":\"2016-07-04T12:34:51+00:00\",\"dateModified\":\"2016-07-13T07:11:08+00:00\",\"mainEntityOfPage\":{\"@id\":\"https:\/\/www.lacubana.es\/es\/conversa-telefonica-a-la-linia-59-del-bus\/\"},\"wordCount\":375,\"image\":{\"@id\":\"https:\/\/www.lacubana.es\/es\/conversa-telefonica-a-la-linia-59-del-bus\/#primaryimage\"},\"thumbnailUrl\":\"https:\/\/www.lacubana.es\/wp-content\/uploads\/2016\/07\/rja3604.jpg\",\"keywords\":[\"Gente Bien\",\"Grupos\",\"Musical\",\"Teatro\"],\"articleSection\":[\"Sin categorizar\"],\"inLanguage\":\"es\"},{\"@type\":\"WebPage\",\"@id\":\"https:\/\/www.lacubana.es\/es\/conversa-telefonica-a-la-linia-59-del-bus\/\",\"url\":\"https:\/\/www.lacubana.es\/es\/conversa-telefonica-a-la-linia-59-del-bus\/\",\"name\":\"Conversaci\u00f3n telef\u00f3nica en la l\u00ednia 59 del bus - La Cubana\",\"isPartOf\":{\"@id\":\"https:\/\/www.lacubana.es\/#website\"},\"primaryImageOfPage\":{\"@id\":\"https:\/\/www.lacubana.es\/es\/conversa-telefonica-a-la-linia-59-del-bus\/#primaryimage\"},\"image\":{\"@id\":\"https:\/\/www.lacubana.es\/es\/conversa-telefonica-a-la-linia-59-del-bus\/#primaryimage\"},\"thumbnailUrl\":\"https:\/\/www.lacubana.es\/wp-content\/uploads\/2016\/07\/rja3604.jpg\",\"datePublished\":\"2016-07-04T12:34:51+00:00\",\"dateModified\":\"2016-07-13T07:11:08+00:00\",\"author\":{\"@id\":\"https:\/\/www.lacubana.es\/#\/schema\/person\/c8152ce1e6c55839545d6348cde05329\"},\"breadcrumb\":{\"@id\":\"https:\/\/www.lacubana.es\/es\/conversa-telefonica-a-la-linia-59-del-bus\/#breadcrumb\"},\"inLanguage\":\"es\",\"potentialAction\":[{\"@type\":\"ReadAction\",\"target\":[\"https:\/\/www.lacubana.es\/es\/conversa-telefonica-a-la-linia-59-del-bus\/\"]}]},{\"@type\":\"ImageObject\",\"inLanguage\":\"es\",\"@id\":\"https:\/\/www.lacubana.es\/es\/conversa-telefonica-a-la-linia-59-del-bus\/#primaryimage\",\"url\":\"https:\/\/www.lacubana.es\/wp-content\/uploads\/2016\/07\/rja3604.jpg\",\"contentUrl\":\"https:\/\/www.lacubana.es\/wp-content\/uploads\/2016\/07\/rja3604.jpg\",\"width\":2362,\"height\":1572},{\"@type\":\"BreadcrumbList\",\"@id\":\"https:\/\/www.lacubana.es\/es\/conversa-telefonica-a-la-linia-59-del-bus\/#breadcrumb\",\"itemListElement\":[{\"@type\":\"ListItem\",\"position\":1,\"name\":\"Inici\",\"item\":\"https:\/\/www.lacubana.es\/es\/\"},{\"@type\":\"ListItem\",\"position\":2,\"name\":\"Conversaci\u00f3n telef\u00f3nica en la l\u00ednia 59 del bus\"}]},{\"@type\":\"WebSite\",\"@id\":\"https:\/\/www.lacubana.es\/#website\",\"url\":\"https:\/\/www.lacubana.es\/\",\"name\":\"La Cubana\",\"description\":\"Teatro La Cubana\",\"potentialAction\":[{\"@type\":\"SearchAction\",\"target\":{\"@type\":\"EntryPoint\",\"urlTemplate\":\"https:\/\/www.lacubana.es\/?s={search_term_string}\"},\"query-input\":{\"@type\":\"PropertyValueSpecification\",\"valueRequired\":true,\"valueName\":\"search_term_string\"}}],\"inLanguage\":\"es\"},{\"@type\":\"Person\",\"@id\":\"https:\/\/www.lacubana.es\/#\/schema\/person\/c8152ce1e6c55839545d6348cde05329\",\"name\":\"Pol Vinyes\",\"image\":{\"@type\":\"ImageObject\",\"inLanguage\":\"es\",\"@id\":\"https:\/\/www.lacubana.es\/#\/schema\/person\/image\/\",\"url\":\"https:\/\/secure.gravatar.com\/avatar\/c6702000708b6847f0e1aee67258df623c3d0818f32423125064b8c43dc6d27a?s=96&d=mm&r=g\",\"contentUrl\":\"https:\/\/secure.gravatar.com\/avatar\/c6702000708b6847f0e1aee67258df623c3d0818f32423125064b8c43dc6d27a?s=96&d=mm&r=g\",\"caption\":\"Pol Vinyes\"},\"sameAs\":[\"https:\/\/www.lacubana.es\"],\"url\":\"https:\/\/www.lacubana.es\/es\/author\/gestio\/\"}]}<\/script>\n<!-- \/ Yoast SEO Premium plugin. -->","yoast_head_json":{"title":"Conversaci\u00f3n telef\u00f3nica en la l\u00ednia 59 del bus - La Cubana","robots":{"index":"index","follow":"follow","max-snippet":"max-snippet:-1","max-image-preview":"max-image-preview:large","max-video-preview":"max-video-preview:-1"},"canonical":"https:\/\/www.lacubana.es\/es\/conversa-telefonica-a-la-linia-59-del-bus\/","og_locale":"es_ES","og_type":"article","og_title":"Conversaci\u00f3n telef\u00f3nica en la l\u00ednia 59 del bus","og_description":"\u201cAyer me encontr\u00e9 a Paquita Santesmases, la vecina del 3ero 4rta, aquella que estaba casada con el notario, pero que se divorci\u00f3 despu\u00e9s de ese l\u00edo de faldas con las secretaria. Resulta que me coment\u00f3 que Francisco y sus hijos quieren ir a ver La Cubana en Octubre en el Teatro Coliseum\u2026 \u00bfNo sab\u00edas que Paquita estaba con Francisco? &hellip;","og_url":"https:\/\/www.lacubana.es\/es\/conversa-telefonica-a-la-linia-59-del-bus\/","og_site_name":"La Cubana","article_published_time":"2016-07-04T12:34:51+00:00","article_modified_time":"2016-07-13T07:11:08+00:00","og_image":[{"width":2362,"height":1572,"url":"https:\/\/www.lacubana.es\/wp-content\/uploads\/2016\/07\/rja3604.jpg","type":"image\/jpeg"}],"author":"Pol Vinyes","twitter_card":"summary_large_image","twitter_misc":{"Escrito por":"Pol Vinyes","Tiempo de lectura":"2 minutos"},"schema":{"@context":"https:\/\/schema.org","@graph":[{"@type":"Article","@id":"https:\/\/www.lacubana.es\/es\/conversa-telefonica-a-la-linia-59-del-bus\/#article","isPartOf":{"@id":"https:\/\/www.lacubana.es\/es\/conversa-telefonica-a-la-linia-59-del-bus\/"},"author":{"name":"Pol Vinyes","@id":"https:\/\/www.lacubana.es\/#\/schema\/person\/c8152ce1e6c55839545d6348cde05329"},"headline":"Conversaci\u00f3n telef\u00f3nica en la l\u00ednia 59 del bus","datePublished":"2016-07-04T12:34:51+00:00","dateModified":"2016-07-13T07:11:08+00:00","mainEntityOfPage":{"@id":"https:\/\/www.lacubana.es\/es\/conversa-telefonica-a-la-linia-59-del-bus\/"},"wordCount":375,"image":{"@id":"https:\/\/www.lacubana.es\/es\/conversa-telefonica-a-la-linia-59-del-bus\/#primaryimage"},"thumbnailUrl":"https:\/\/www.lacubana.es\/wp-content\/uploads\/2016\/07\/rja3604.jpg","keywords":["Gente Bien","Grupos","Musical","Teatro"],"articleSection":["Sin categorizar"],"inLanguage":"es"},{"@type":"WebPage","@id":"https:\/\/www.lacubana.es\/es\/conversa-telefonica-a-la-linia-59-del-bus\/","url":"https:\/\/www.lacubana.es\/es\/conversa-telefonica-a-la-linia-59-del-bus\/","name":"Conversaci\u00f3n telef\u00f3nica en la l\u00ednia 59 del bus - La Cubana","isPartOf":{"@id":"https:\/\/www.lacubana.es\/#website"},"primaryImageOfPage":{"@id":"https:\/\/www.lacubana.es\/es\/conversa-telefonica-a-la-linia-59-del-bus\/#primaryimage"},"image":{"@id":"https:\/\/www.lacubana.es\/es\/conversa-telefonica-a-la-linia-59-del-bus\/#primaryimage"},"thumbnailUrl":"https:\/\/www.lacubana.es\/wp-content\/uploads\/2016\/07\/rja3604.jpg","datePublished":"2016-07-04T12:34:51+00:00","dateModified":"2016-07-13T07:11:08+00:00","author":{"@id":"https:\/\/www.lacubana.es\/#\/schema\/person\/c8152ce1e6c55839545d6348cde05329"},"breadcrumb":{"@id":"https:\/\/www.lacubana.es\/es\/conversa-telefonica-a-la-linia-59-del-bus\/#breadcrumb"},"inLanguage":"es","potentialAction":[{"@type":"ReadAction","target":["https:\/\/www.lacubana.es\/es\/conversa-telefonica-a-la-linia-59-del-bus\/"]}]},{"@type":"ImageObject","inLanguage":"es","@id":"https:\/\/www.lacubana.es\/es\/conversa-telefonica-a-la-linia-59-del-bus\/#primaryimage","url":"https:\/\/www.lacubana.es\/wp-content\/uploads\/2016\/07\/rja3604.jpg","contentUrl":"https:\/\/www.lacubana.es\/wp-content\/uploads\/2016\/07\/rja3604.jpg","width":2362,"height":1572},{"@type":"BreadcrumbList","@id":"https:\/\/www.lacubana.es\/es\/conversa-telefonica-a-la-linia-59-del-bus\/#breadcrumb","itemListElement":[{"@type":"ListItem","position":1,"name":"Inici","item":"https:\/\/www.lacubana.es\/es\/"},{"@type":"ListItem","position":2,"name":"Conversaci\u00f3n telef\u00f3nica en la l\u00ednia 59 del bus"}]},{"@type":"WebSite","@id":"https:\/\/www.lacubana.es\/#website","url":"https:\/\/www.lacubana.es\/","name":"La Cubana","description":"Teatro La Cubana","potentialAction":[{"@type":"SearchAction","target":{"@type":"EntryPoint","urlTemplate":"https:\/\/www.lacubana.es\/?s={search_term_string}"},"query-input":{"@type":"PropertyValueSpecification","valueRequired":true,"valueName":"search_term_string"}}],"inLanguage":"es"},{"@type":"Person","@id":"https:\/\/www.lacubana.es\/#\/schema\/person\/c8152ce1e6c55839545d6348cde05329","name":"Pol Vinyes","image":{"@type":"ImageObject","inLanguage":"es","@id":"https:\/\/www.lacubana.es\/#\/schema\/person\/image\/","url":"https:\/\/secure.gravatar.com\/avatar\/c6702000708b6847f0e1aee67258df623c3d0818f32423125064b8c43dc6d27a?s=96&d=mm&r=g","contentUrl":"https:\/\/secure.gravatar.com\/avatar\/c6702000708b6847f0e1aee67258df623c3d0818f32423125064b8c43dc6d27a?s=96&d=mm&r=g","caption":"Pol Vinyes"},"sameAs":["https:\/\/www.lacubana.es"],"url":"https:\/\/www.lacubana.es\/es\/author\/gestio\/"}]}},"_links":{"self":[{"href":"https:\/\/www.lacubana.es\/es\/wp-json\/wp\/v2\/posts\/6203","targetHints":{"allow":["GET"]}}],"collection":[{"href":"https:\/\/www.lacubana.es\/es\/wp-json\/wp\/v2\/posts"}],"about":[{"href":"https:\/\/www.lacubana.es\/es\/wp-json\/wp\/v2\/types\/post"}],"author":[{"embeddable":true,"href":"https:\/\/www.lacubana.es\/es\/wp-json\/wp\/v2\/users\/2"}],"replies":[{"embeddable":true,"href":"https:\/\/www.lacubana.es\/es\/wp-json\/wp\/v2\/comments?post=6203"}],"version-history":[{"count":0,"href":"https:\/\/www.lacubana.es\/es\/wp-json\/wp\/v2\/posts\/6203\/revisions"}],"wp:featuredmedia":[{"embeddable":true,"href":"https:\/\/www.lacubana.es\/es\/wp-json\/wp\/v2\/media\/6199"}],"wp:attachment":[{"href":"https:\/\/www.lacubana.es\/es\/wp-json\/wp\/v2\/media?parent=6203"}],"wp:term":[{"taxonomy":"category","embeddable":true,"href":"https:\/\/www.lacubana.es\/es\/wp-json\/wp\/v2\/categories?post=6203"},{"taxonomy":"post_tag","embeddable":true,"href":"https:\/\/www.lacubana.es\/es\/wp-json\/wp\/v2\/tags?post=6203"}],"curies":[{"name":"wp","href":"https:\/\/api.w.org\/{rel}","templated":true}]}}