{"id":471712,"date":"2025-12-11T12:05:34","date_gmt":"2025-12-11T12:05:34","guid":{"rendered":"https:\/\/www.lacubana.es\/?p=471712"},"modified":"2025-12-11T12:44:26","modified_gmt":"2025-12-11T12:44:26","slug":"ultima-oportunidad-para-ver-el-espectaculo","status":"publish","type":"post","link":"https:\/\/www.lacubana.es\/es\/ultima-oportunidad-para-ver-el-espectaculo\/","title":{"rendered":"\u00a1\u00daltima oportunidad para ver el espect\u00e1culo!"},"content":{"rendered":"<p data-start=\"142\" data-end=\"358\">Ya est\u00e1n a la venta las entradas para las nuevas funciones de <em data-start=\"204\" data-end=\"227\">L\u2019AMOR VENIA AMB TAXI<\/em>, que se prolongar\u00e1 hasta el <strong data-start=\"256\" data-end=\"281\">domingo 15 de febrero<\/strong>, fecha en la que la compa\u00f1\u00eda realizar\u00e1 su \u00faltima funci\u00f3n en el Teatre Romea.<\/p>\n<p data-start=\"360\" data-end=\"516\">Esta ser\u00e1 la \u00faltima oportunidad para disfrutar del musical m\u00e1s cubanero de la temporada, ya que el espect\u00e1culo es <strong data-start=\"474\" data-end=\"491\">improrrogable<\/strong> y <strong data-start=\"494\" data-end=\"515\">no saldr\u00e1 de gira<\/strong>.<\/p>\n<p data-start=\"518\" data-end=\"700\">Si a\u00fan no hab\u00e9is venido o quer\u00e9is repetir la experiencia, no dej\u00e9is escapar la ocasi\u00f3n de vivir esta comedia musical llena de humor, sorpresas y el inconfundible estilo de La Cubana.<\/p>\n<p data-start=\"702\" data-end=\"735\">&#x1f39f;&#xfe0f; Entradas ya disponibles:<a href=\"https:\/\/tickets.oneboxtds.com\/teatreromea\/events\/42601?hl=es-ES&amp;sessionView=LIST\"> AQU\u00cd<\/a><\/p>\n<div class=\"wp-block-image\"><img decoding=\"async\" class=\"wpa-warning wpa-image-missing-alt alignnone size-large wp-image-471703\" src=\"https:\/\/www.lacubana.es\/wp-content\/uploads\/2025\/12\/FINS-1920x1080-1-1024x576.jpg\" alt=\"\" width=\"1024\" height=\"576\" data-warning=\"Missing alt text\" srcset=\"https:\/\/www.lacubana.es\/wp-content\/uploads\/2025\/12\/FINS-1920x1080-1-1024x576.jpg 1024w, https:\/\/www.lacubana.es\/wp-content\/uploads\/2025\/12\/FINS-1920x1080-1-300x169.jpg 300w, https:\/\/www.lacubana.es\/wp-content\/uploads\/2025\/12\/FINS-1920x1080-1-768x432.jpg 768w, https:\/\/www.lacubana.es\/wp-content\/uploads\/2025\/12\/FINS-1920x1080-1-1536x864.jpg 1536w, https:\/\/www.lacubana.es\/wp-content\/uploads\/2025\/12\/FINS-1920x1080-1-1080x608.jpg 1080w, https:\/\/www.lacubana.es\/wp-content\/uploads\/2025\/12\/FINS-1920x1080-1.jpg 1920w\" sizes=\"(max-width: 1024px) 100vw, 1024px\" \/><\/div>\n","protected":false},"excerpt":{"rendered":"<p data-start=\"142\" data-end=\"358\">Ya est\u00e1n a la venta las entradas para las nuevas funciones de <em data-start=\"204\" data-end=\"227\">L\u2019AMOR VENIA AMB TAXI<\/em>, que se prolongar\u00e1 hasta el domingo 15 de febrero, fecha en la que la compa\u00f1\u00eda realizar\u00e1 su \u00faltima funci\u00f3n en el Teatre Romea.<\/p>\n<p data-start=\"360\" data-end=\"516\">Esta ser\u00e1 la \u00faltima oportunidad para disfrutar del musical m\u00e1s cubanero de la temporada,<\/p>\n<p> &hellip;<\/p>\n","protected":false},"author":2,"featured_media":471709,"comment_status":"closed","ping_status":"closed","sticky":false,"template":"","format":"standard","meta":{"_acf_changed":false,"_et_pb_use_builder":"","_et_pb_old_content":"","_et_gb_content_width":"","_joinchat":[],"footnotes":""},"categories":[],"tags":[],"class_list":["post-471712","post","type-post","status-publish","format-standard","has-post-thumbnail","hentry"],"acf":[],"yoast_head":"<!-- This site is optimized with the Yoast SEO Premium plugin v22.0 (Yoast SEO v27.0) - https:\/\/yoast.com\/product\/yoast-seo-premium-wordpress\/ -->\n<title>\u00a1\u00daltima oportunidad para ver el espect\u00e1culo! - La Cubana<\/title>\n<meta name=\"robots\" content=\"index, follow, max-snippet:-1, max-image-preview:large, max-video-preview:-1\" \/>\n<link rel=\"canonical\" href=\"https:\/\/www.lacubana.es\/es\/ultima-oportunidad-para-ver-el-espectaculo\/\" \/>\n<meta property=\"og:locale\" content=\"es_ES\" \/>\n<meta property=\"og:type\" content=\"article\" \/>\n<meta property=\"og:title\" content=\"\u00a1\u00daltima oportunidad para ver el espect\u00e1culo!\" \/>\n<meta property=\"og:description\" content=\"Ya est\u00e1n a la venta las entradas para las nuevas funciones de L\u2019AMOR VENIA AMB TAXI, que se prolongar\u00e1 hasta el domingo 15 de febrero, fecha en la que la compa\u00f1\u00eda realizar\u00e1 su \u00faltima funci\u00f3n en el Teatre Romea. Esta ser\u00e1 la \u00faltima oportunidad para disfrutar del musical m\u00e1s cubanero de la temporada, &hellip;\" \/>\n<meta property=\"og:url\" content=\"https:\/\/www.lacubana.es\/es\/ultima-oportunidad-para-ver-el-espectaculo\/\" \/>\n<meta property=\"og:site_name\" content=\"La Cubana\" \/>\n<meta property=\"article:published_time\" content=\"2025-12-11T12:05:34+00:00\" \/>\n<meta property=\"article:modified_time\" content=\"2025-12-11T12:44:26+00:00\" \/>\n<meta property=\"og:image\" content=\"https:\/\/www.lacubana.es\/wp-content\/uploads\/2025\/12\/FINS-1024x512-1.jpg\" \/>\n\t<meta property=\"og:image:width\" content=\"1024\" \/>\n\t<meta property=\"og:image:height\" content=\"512\" \/>\n\t<meta property=\"og:image:type\" content=\"image\/jpeg\" \/>\n<meta name=\"author\" content=\"Pol Vinyes\" \/>\n<meta name=\"twitter:card\" content=\"summary_large_image\" \/>\n<meta name=\"twitter:label1\" content=\"Escrito por\" \/>\n\t<meta name=\"twitter:data1\" content=\"Pol Vinyes\" \/>\n\t<meta name=\"twitter:label2\" content=\"Tiempo de lectura\" \/>\n\t<meta name=\"twitter:data2\" content=\"1 minuto\" \/>\n<script type=\"application\/ld+json\" class=\"yoast-schema-graph\">{\"@context\":\"https:\/\/schema.org\",\"@graph\":[{\"@type\":\"Article\",\"@id\":\"https:\/\/www.lacubana.es\/es\/ultima-oportunidad-para-ver-el-espectaculo\/#article\",\"isPartOf\":{\"@id\":\"https:\/\/www.lacubana.es\/es\/ultima-oportunidad-para-ver-el-espectaculo\/\"},\"author\":{\"name\":\"Pol Vinyes\",\"@id\":\"https:\/\/www.lacubana.es\/#\/schema\/person\/c8152ce1e6c55839545d6348cde05329\"},\"headline\":\"\u00a1\u00daltima oportunidad para ver el espect\u00e1culo!\",\"datePublished\":\"2025-12-11T12:05:34+00:00\",\"dateModified\":\"2025-12-11T12:44:26+00:00\",\"mainEntityOfPage\":{\"@id\":\"https:\/\/www.lacubana.es\/es\/ultima-oportunidad-para-ver-el-espectaculo\/\"},\"wordCount\":121,\"image\":{\"@id\":\"https:\/\/www.lacubana.es\/es\/ultima-oportunidad-para-ver-el-espectaculo\/#primaryimage\"},\"thumbnailUrl\":\"https:\/\/www.lacubana.es\/wp-content\/uploads\/2025\/12\/FINS-1024x512-1.jpg\",\"inLanguage\":\"es\"},{\"@type\":\"WebPage\",\"@id\":\"https:\/\/www.lacubana.es\/es\/ultima-oportunidad-para-ver-el-espectaculo\/\",\"url\":\"https:\/\/www.lacubana.es\/es\/ultima-oportunidad-para-ver-el-espectaculo\/\",\"name\":\"\u00a1\u00daltima oportunidad para ver el espect\u00e1culo! - La Cubana\",\"isPartOf\":{\"@id\":\"https:\/\/www.lacubana.es\/#website\"},\"primaryImageOfPage\":{\"@id\":\"https:\/\/www.lacubana.es\/es\/ultima-oportunidad-para-ver-el-espectaculo\/#primaryimage\"},\"image\":{\"@id\":\"https:\/\/www.lacubana.es\/es\/ultima-oportunidad-para-ver-el-espectaculo\/#primaryimage\"},\"thumbnailUrl\":\"https:\/\/www.lacubana.es\/wp-content\/uploads\/2025\/12\/FINS-1024x512-1.jpg\",\"datePublished\":\"2025-12-11T12:05:34+00:00\",\"dateModified\":\"2025-12-11T12:44:26+00:00\",\"author\":{\"@id\":\"https:\/\/www.lacubana.es\/#\/schema\/person\/c8152ce1e6c55839545d6348cde05329\"},\"breadcrumb\":{\"@id\":\"https:\/\/www.lacubana.es\/es\/ultima-oportunidad-para-ver-el-espectaculo\/#breadcrumb\"},\"inLanguage\":\"es\",\"potentialAction\":[{\"@type\":\"ReadAction\",\"target\":[\"https:\/\/www.lacubana.es\/es\/ultima-oportunidad-para-ver-el-espectaculo\/\"]}]},{\"@type\":\"ImageObject\",\"inLanguage\":\"es\",\"@id\":\"https:\/\/www.lacubana.es\/es\/ultima-oportunidad-para-ver-el-espectaculo\/#primaryimage\",\"url\":\"https:\/\/www.lacubana.es\/wp-content\/uploads\/2025\/12\/FINS-1024x512-1.jpg\",\"contentUrl\":\"https:\/\/www.lacubana.es\/wp-content\/uploads\/2025\/12\/FINS-1024x512-1.jpg\",\"width\":1024,\"height\":512},{\"@type\":\"BreadcrumbList\",\"@id\":\"https:\/\/www.lacubana.es\/es\/ultima-oportunidad-para-ver-el-espectaculo\/#breadcrumb\",\"itemListElement\":[{\"@type\":\"ListItem\",\"position\":1,\"name\":\"Inici\",\"item\":\"https:\/\/www.lacubana.es\/es\/\"},{\"@type\":\"ListItem\",\"position\":2,\"name\":\"\u00a1\u00daltima oportunidad para ver el espect\u00e1culo!\"}]},{\"@type\":\"WebSite\",\"@id\":\"https:\/\/www.lacubana.es\/#website\",\"url\":\"https:\/\/www.lacubana.es\/\",\"name\":\"La Cubana\",\"description\":\"Teatro La Cubana\",\"potentialAction\":[{\"@type\":\"SearchAction\",\"target\":{\"@type\":\"EntryPoint\",\"urlTemplate\":\"https:\/\/www.lacubana.es\/?s={search_term_string}\"},\"query-input\":{\"@type\":\"PropertyValueSpecification\",\"valueRequired\":true,\"valueName\":\"search_term_string\"}}],\"inLanguage\":\"es\"},{\"@type\":\"Person\",\"@id\":\"https:\/\/www.lacubana.es\/#\/schema\/person\/c8152ce1e6c55839545d6348cde05329\",\"name\":\"Pol Vinyes\",\"image\":{\"@type\":\"ImageObject\",\"inLanguage\":\"es\",\"@id\":\"https:\/\/www.lacubana.es\/#\/schema\/person\/image\/\",\"url\":\"https:\/\/secure.gravatar.com\/avatar\/c6702000708b6847f0e1aee67258df623c3d0818f32423125064b8c43dc6d27a?s=96&d=mm&r=g\",\"contentUrl\":\"https:\/\/secure.gravatar.com\/avatar\/c6702000708b6847f0e1aee67258df623c3d0818f32423125064b8c43dc6d27a?s=96&d=mm&r=g\",\"caption\":\"Pol Vinyes\"},\"sameAs\":[\"https:\/\/www.lacubana.es\"],\"url\":\"https:\/\/www.lacubana.es\/es\/author\/gestio\/\"}]}<\/script>\n<!-- \/ Yoast SEO Premium plugin. -->","yoast_head_json":{"title":"\u00a1\u00daltima oportunidad para ver el espect\u00e1culo! - La Cubana","robots":{"index":"index","follow":"follow","max-snippet":"max-snippet:-1","max-image-preview":"max-image-preview:large","max-video-preview":"max-video-preview:-1"},"canonical":"https:\/\/www.lacubana.es\/es\/ultima-oportunidad-para-ver-el-espectaculo\/","og_locale":"es_ES","og_type":"article","og_title":"\u00a1\u00daltima oportunidad para ver el espect\u00e1culo!","og_description":"Ya est\u00e1n a la venta las entradas para las nuevas funciones de L\u2019AMOR VENIA AMB TAXI, que se prolongar\u00e1 hasta el domingo 15 de febrero, fecha en la que la compa\u00f1\u00eda realizar\u00e1 su \u00faltima funci\u00f3n en el Teatre Romea. Esta ser\u00e1 la \u00faltima oportunidad para disfrutar del musical m\u00e1s cubanero de la temporada, &hellip;","og_url":"https:\/\/www.lacubana.es\/es\/ultima-oportunidad-para-ver-el-espectaculo\/","og_site_name":"La Cubana","article_published_time":"2025-12-11T12:05:34+00:00","article_modified_time":"2025-12-11T12:44:26+00:00","og_image":[{"width":1024,"height":512,"url":"https:\/\/www.lacubana.es\/wp-content\/uploads\/2025\/12\/FINS-1024x512-1.jpg","type":"image\/jpeg"}],"author":"Pol Vinyes","twitter_card":"summary_large_image","twitter_misc":{"Escrito por":"Pol Vinyes","Tiempo de lectura":"1 minuto"},"schema":{"@context":"https:\/\/schema.org","@graph":[{"@type":"Article","@id":"https:\/\/www.lacubana.es\/es\/ultima-oportunidad-para-ver-el-espectaculo\/#article","isPartOf":{"@id":"https:\/\/www.lacubana.es\/es\/ultima-oportunidad-para-ver-el-espectaculo\/"},"author":{"name":"Pol Vinyes","@id":"https:\/\/www.lacubana.es\/#\/schema\/person\/c8152ce1e6c55839545d6348cde05329"},"headline":"\u00a1\u00daltima oportunidad para ver el espect\u00e1culo!","datePublished":"2025-12-11T12:05:34+00:00","dateModified":"2025-12-11T12:44:26+00:00","mainEntityOfPage":{"@id":"https:\/\/www.lacubana.es\/es\/ultima-oportunidad-para-ver-el-espectaculo\/"},"wordCount":121,"image":{"@id":"https:\/\/www.lacubana.es\/es\/ultima-oportunidad-para-ver-el-espectaculo\/#primaryimage"},"thumbnailUrl":"https:\/\/www.lacubana.es\/wp-content\/uploads\/2025\/12\/FINS-1024x512-1.jpg","inLanguage":"es"},{"@type":"WebPage","@id":"https:\/\/www.lacubana.es\/es\/ultima-oportunidad-para-ver-el-espectaculo\/","url":"https:\/\/www.lacubana.es\/es\/ultima-oportunidad-para-ver-el-espectaculo\/","name":"\u00a1\u00daltima oportunidad para ver el espect\u00e1culo! - La Cubana","isPartOf":{"@id":"https:\/\/www.lacubana.es\/#website"},"primaryImageOfPage":{"@id":"https:\/\/www.lacubana.es\/es\/ultima-oportunidad-para-ver-el-espectaculo\/#primaryimage"},"image":{"@id":"https:\/\/www.lacubana.es\/es\/ultima-oportunidad-para-ver-el-espectaculo\/#primaryimage"},"thumbnailUrl":"https:\/\/www.lacubana.es\/wp-content\/uploads\/2025\/12\/FINS-1024x512-1.jpg","datePublished":"2025-12-11T12:05:34+00:00","dateModified":"2025-12-11T12:44:26+00:00","author":{"@id":"https:\/\/www.lacubana.es\/#\/schema\/person\/c8152ce1e6c55839545d6348cde05329"},"breadcrumb":{"@id":"https:\/\/www.lacubana.es\/es\/ultima-oportunidad-para-ver-el-espectaculo\/#breadcrumb"},"inLanguage":"es","potentialAction":[{"@type":"ReadAction","target":["https:\/\/www.lacubana.es\/es\/ultima-oportunidad-para-ver-el-espectaculo\/"]}]},{"@type":"ImageObject","inLanguage":"es","@id":"https:\/\/www.lacubana.es\/es\/ultima-oportunidad-para-ver-el-espectaculo\/#primaryimage","url":"https:\/\/www.lacubana.es\/wp-content\/uploads\/2025\/12\/FINS-1024x512-1.jpg","contentUrl":"https:\/\/www.lacubana.es\/wp-content\/uploads\/2025\/12\/FINS-1024x512-1.jpg","width":1024,"height":512},{"@type":"BreadcrumbList","@id":"https:\/\/www.lacubana.es\/es\/ultima-oportunidad-para-ver-el-espectaculo\/#breadcrumb","itemListElement":[{"@type":"ListItem","position":1,"name":"Inici","item":"https:\/\/www.lacubana.es\/es\/"},{"@type":"ListItem","position":2,"name":"\u00a1\u00daltima oportunidad para ver el espect\u00e1culo!"}]},{"@type":"WebSite","@id":"https:\/\/www.lacubana.es\/#website","url":"https:\/\/www.lacubana.es\/","name":"La Cubana","description":"Teatro La Cubana","potentialAction":[{"@type":"SearchAction","target":{"@type":"EntryPoint","urlTemplate":"https:\/\/www.lacubana.es\/?s={search_term_string}"},"query-input":{"@type":"PropertyValueSpecification","valueRequired":true,"valueName":"search_term_string"}}],"inLanguage":"es"},{"@type":"Person","@id":"https:\/\/www.lacubana.es\/#\/schema\/person\/c8152ce1e6c55839545d6348cde05329","name":"Pol Vinyes","image":{"@type":"ImageObject","inLanguage":"es","@id":"https:\/\/www.lacubana.es\/#\/schema\/person\/image\/","url":"https:\/\/secure.gravatar.com\/avatar\/c6702000708b6847f0e1aee67258df623c3d0818f32423125064b8c43dc6d27a?s=96&d=mm&r=g","contentUrl":"https:\/\/secure.gravatar.com\/avatar\/c6702000708b6847f0e1aee67258df623c3d0818f32423125064b8c43dc6d27a?s=96&d=mm&r=g","caption":"Pol Vinyes"},"sameAs":["https:\/\/www.lacubana.es"],"url":"https:\/\/www.lacubana.es\/es\/author\/gestio\/"}]}},"_links":{"self":[{"href":"https:\/\/www.lacubana.es\/es\/wp-json\/wp\/v2\/posts\/471712","targetHints":{"allow":["GET"]}}],"collection":[{"href":"https:\/\/www.lacubana.es\/es\/wp-json\/wp\/v2\/posts"}],"about":[{"href":"https:\/\/www.lacubana.es\/es\/wp-json\/wp\/v2\/types\/post"}],"author":[{"embeddable":true,"href":"https:\/\/www.lacubana.es\/es\/wp-json\/wp\/v2\/users\/2"}],"replies":[{"embeddable":true,"href":"https:\/\/www.lacubana.es\/es\/wp-json\/wp\/v2\/comments?post=471712"}],"version-history":[{"count":1,"href":"https:\/\/www.lacubana.es\/es\/wp-json\/wp\/v2\/posts\/471712\/revisions"}],"predecessor-version":[{"id":471713,"href":"https:\/\/www.lacubana.es\/es\/wp-json\/wp\/v2\/posts\/471712\/revisions\/471713"}],"wp:featuredmedia":[{"embeddable":true,"href":"https:\/\/www.lacubana.es\/es\/wp-json\/wp\/v2\/media\/471709"}],"wp:attachment":[{"href":"https:\/\/www.lacubana.es\/es\/wp-json\/wp\/v2\/media?parent=471712"}],"wp:term":[{"taxonomy":"category","embeddable":true,"href":"https:\/\/www.lacubana.es\/es\/wp-json\/wp\/v2\/categories?post=471712"},{"taxonomy":"post_tag","embeddable":true,"href":"https:\/\/www.lacubana.es\/es\/wp-json\/wp\/v2\/tags?post=471712"}],"curies":[{"name":"wp","href":"https:\/\/api.w.org\/{rel}","templated":true}]}}