{"id":409,"date":"2016-04-10T10:14:15","date_gmt":"2016-04-10T10:14:15","guid":{"rendered":"http:\/\/localhost:8888\/lacubana\/es\/lorem-ipsum-4\/"},"modified":"2016-07-13T07:18:57","modified_gmt":"2016-07-13T07:18:57","slug":"nuevo-espectaculo","status":"publish","type":"post","link":"https:\/\/www.lacubana.es\/es\/nuevo-espectaculo\/","title":{"rendered":"Un nuevo espect\u00e1culo. \u00bfSaldremos de \u00e9sta?"},"content":{"rendered":"<p>Despu\u00e9s de <a href=\"https:\/\/www.lacubana.es\/es\/teatre\/campanades-de-boda\/\"><em>Campanadas de Boda<\/em><\/a>, nuestros asesores, que son muchos y muy buenos nos aconsejaron que si quer\u00edamos seguir viviendo de lo que hemos hecho hasta ahora (teatro), ten\u00edamos que cambiar de registro, ya que el p\u00fablico quiere otra cosa, y consecuentemente, los programadores tambi\u00e9n. \u00a1Quieren musicales!<\/p>\n<p>\u201c\u00a1Nosotros ya hacemos musicales!\u201d, respondimos. \u201cEn todos nuestros espect\u00e1culos siempre cantamos y bailamos\u201d. \u201cQue valiente es la ignorancia\u201d replicaron. \u201cHab\u00e9is utilizado el arte del disimulo, pero de cantar y bailar ni ten\u00e9is ni idea. \u00a1Si realmente quer\u00e9is estar en la cresta de la ola, deb\u00e9is hacer un musical!!!\u201d<\/p>\n<p>\u201c\u00a1Hagamos un musical, pues!\u201d Si hemos tocado el mundo de la Revista, la \u00d3pera, el Cine, la Televisi\u00f3n, hemos hecho teatro en los mercados, montado maratones de baile, inauguraciones, pregones\u2026 \u00a1Hemos hecho de todo! \u00a1Claro que podemos hacer un musical!!!<\/p>\n<p>Se trataba solo de encontrar un t\u00edtulo que estuviera dentro de nuestro estilo. \u00bf<em>Mary Poppins<\/em>? \u00bf<em>Sonrisas y L\u00e1grimas<\/em>? \u00bf<em>My fair Lady<\/em>? Y entonces dijimos: \u201c\u00a1No! \u00bfPorque no hacer una cosa m\u00e1s aut\u00f3ctona? Nosotros que somos de Sitges, \u00bfpor qu\u00e9 no hacemos un Rusi\u00f1ol? \u00bfPor qu\u00e9 no hacemos <em>Gente Bien<\/em>, un sainete conocido por todo el teatro amateur de Catalu\u00f1a?\u201d<\/p>\n<p>\u00a1Pues, manos a la obra! Ahora solamente se debe adaptar el texto original e ir a ver a nuestro m\u00fasico, Joan Vives, para que nos ponga la m\u00fasica. \u00a1El resultado final es una opereta! \u00a1Ya tenemos musical! Y el resto\u2026 el resto est\u00e1 por ver. \u00bfSaldremos de \u00e9sta? \u00bfLo sabremos hacer? \u00bfQui\u00e9n sabe? \u00a1Pero seguro que teatro s\u00ed que haremos!<\/p>\n<p>&nbsp;<\/p>\n<p><img decoding=\"async\" class=\"aligncenter wp-image-6011\" src=\"https:\/\/www.lacubana.es\/wp-content\/uploads\/2015\/06\/partitura-1024x615.jpg\" alt=\"Partitura\" width=\"750\" height=\"450\" srcset=\"https:\/\/www.lacubana.es\/wp-content\/uploads\/2015\/06\/partitura-1024x615.jpg 1024w, https:\/\/www.lacubana.es\/wp-content\/uploads\/2015\/06\/partitura-300x180.jpg 300w, https:\/\/www.lacubana.es\/wp-content\/uploads\/2015\/06\/partitura-768x461.jpg 768w, https:\/\/www.lacubana.es\/wp-content\/uploads\/2015\/06\/partitura.jpg 1211w\" sizes=\"(max-width: 750px) 100vw, 750px\" \/> <\/p>\n","protected":false},"excerpt":{"rendered":"<p>Despu\u00e9s de <a href=\"https:\/\/www.lacubana.es\/es\/teatre\/campanades-de-boda\/\"><em>Campanadas de Boda<\/em><\/a>, nuestros asesores, que son muchos y muy buenos nos aconsejaron que si quer\u00edamos seguir viviendo de lo que hemos hecho hasta ahora (teatro), ten\u00edamos que cambiar de registro, ya que el p\u00fablico quiere otra cosa, y consecuentemente, los programadores tambi\u00e9n.<\/p>\n<p> &hellip;<\/p>\n","protected":false},"author":1,"featured_media":6011,"comment_status":"closed","ping_status":"closed","sticky":false,"template":"","format":"standard","meta":{"_acf_changed":false,"_et_pb_use_builder":"","_et_pb_old_content":"","_et_gb_content_width":"","_joinchat":[],"footnotes":""},"categories":[3],"tags":[19,20,21,9],"class_list":["post-409","post","type-post","status-publish","format-standard","has-post-thumbnail","hentry","category-sin-categorizar","tag-gente-bien-es","tag-la-cubana-es","tag-musical-es","tag-teatre-es"],"acf":[],"yoast_head":"<!-- This site is optimized with the Yoast SEO Premium plugin v22.0 (Yoast SEO v27.0) - https:\/\/yoast.com\/product\/yoast-seo-premium-wordpress\/ -->\n<title>Un nuevo espect\u00e1culo. \u00bfSaldremos de \u00e9sta? - La Cubana<\/title>\n<meta name=\"robots\" content=\"index, follow, max-snippet:-1, max-image-preview:large, max-video-preview:-1\" \/>\n<link rel=\"canonical\" href=\"https:\/\/www.lacubana.es\/es\/nuevo-espectaculo\/\" \/>\n<meta property=\"og:locale\" content=\"es_ES\" \/>\n<meta property=\"og:type\" content=\"article\" \/>\n<meta property=\"og:title\" content=\"Un nuevo espect\u00e1culo. \u00bfSaldremos de \u00e9sta?\" \/>\n<meta property=\"og:description\" content=\"Despu\u00e9s de Campanadas de Boda, nuestros asesores, que son muchos y muy buenos nos aconsejaron que si quer\u00edamos seguir viviendo de lo que hemos hecho hasta ahora (teatro), ten\u00edamos que cambiar de registro, ya que el p\u00fablico quiere otra cosa, y consecuentemente, los programadores tambi\u00e9n. &hellip;\" \/>\n<meta property=\"og:url\" content=\"https:\/\/www.lacubana.es\/es\/nuevo-espectaculo\/\" \/>\n<meta property=\"og:site_name\" content=\"La Cubana\" \/>\n<meta property=\"article:published_time\" content=\"2016-04-10T10:14:15+00:00\" \/>\n<meta property=\"article:modified_time\" content=\"2016-07-13T07:18:57+00:00\" \/>\n<meta property=\"og:image\" content=\"https:\/\/www.lacubana.es\/wp-content\/uploads\/2015\/06\/partitura.jpg\" \/>\n\t<meta property=\"og:image:width\" content=\"1211\" \/>\n\t<meta property=\"og:image:height\" content=\"727\" \/>\n\t<meta property=\"og:image:type\" content=\"image\/jpeg\" \/>\n<meta name=\"author\" content=\"nestorblog\" \/>\n<meta name=\"twitter:card\" content=\"summary_large_image\" \/>\n<meta name=\"twitter:label1\" content=\"Escrito por\" \/>\n\t<meta name=\"twitter:data1\" content=\"nestorblog\" \/>\n\t<meta name=\"twitter:label2\" content=\"Tiempo de lectura\" \/>\n\t<meta name=\"twitter:data2\" content=\"1 minuto\" \/>\n<script type=\"application\/ld+json\" class=\"yoast-schema-graph\">{\"@context\":\"https:\/\/schema.org\",\"@graph\":[{\"@type\":\"Article\",\"@id\":\"https:\/\/www.lacubana.es\/es\/nuevo-espectaculo\/#article\",\"isPartOf\":{\"@id\":\"https:\/\/www.lacubana.es\/es\/nuevo-espectaculo\/\"},\"author\":{\"name\":\"nestorblog\",\"@id\":\"https:\/\/www.lacubana.es\/#\/schema\/person\/adbd0a6e3991b8f3e9e7bf209749bbad\"},\"headline\":\"Un nuevo espect\u00e1culo. \u00bfSaldremos de \u00e9sta?\",\"datePublished\":\"2016-04-10T10:14:15+00:00\",\"dateModified\":\"2016-07-13T07:18:57+00:00\",\"mainEntityOfPage\":{\"@id\":\"https:\/\/www.lacubana.es\/es\/nuevo-espectaculo\/\"},\"wordCount\":282,\"image\":{\"@id\":\"https:\/\/www.lacubana.es\/es\/nuevo-espectaculo\/#primaryimage\"},\"thumbnailUrl\":\"https:\/\/www.lacubana.es\/wp-content\/uploads\/2015\/06\/partitura.jpg\",\"keywords\":[\"Gente Bien\",\"La Cubana\",\"Musical\",\"teatre\"],\"articleSection\":[\"Sin categorizar\"],\"inLanguage\":\"es\"},{\"@type\":\"WebPage\",\"@id\":\"https:\/\/www.lacubana.es\/es\/nuevo-espectaculo\/\",\"url\":\"https:\/\/www.lacubana.es\/es\/nuevo-espectaculo\/\",\"name\":\"Un nuevo espect\u00e1culo. \u00bfSaldremos de \u00e9sta? - La Cubana\",\"isPartOf\":{\"@id\":\"https:\/\/www.lacubana.es\/#website\"},\"primaryImageOfPage\":{\"@id\":\"https:\/\/www.lacubana.es\/es\/nuevo-espectaculo\/#primaryimage\"},\"image\":{\"@id\":\"https:\/\/www.lacubana.es\/es\/nuevo-espectaculo\/#primaryimage\"},\"thumbnailUrl\":\"https:\/\/www.lacubana.es\/wp-content\/uploads\/2015\/06\/partitura.jpg\",\"datePublished\":\"2016-04-10T10:14:15+00:00\",\"dateModified\":\"2016-07-13T07:18:57+00:00\",\"author\":{\"@id\":\"https:\/\/www.lacubana.es\/#\/schema\/person\/adbd0a6e3991b8f3e9e7bf209749bbad\"},\"breadcrumb\":{\"@id\":\"https:\/\/www.lacubana.es\/es\/nuevo-espectaculo\/#breadcrumb\"},\"inLanguage\":\"es\",\"potentialAction\":[{\"@type\":\"ReadAction\",\"target\":[\"https:\/\/www.lacubana.es\/es\/nuevo-espectaculo\/\"]}]},{\"@type\":\"ImageObject\",\"inLanguage\":\"es\",\"@id\":\"https:\/\/www.lacubana.es\/es\/nuevo-espectaculo\/#primaryimage\",\"url\":\"https:\/\/www.lacubana.es\/wp-content\/uploads\/2015\/06\/partitura.jpg\",\"contentUrl\":\"https:\/\/www.lacubana.es\/wp-content\/uploads\/2015\/06\/partitura.jpg\",\"width\":1211,\"height\":727},{\"@type\":\"BreadcrumbList\",\"@id\":\"https:\/\/www.lacubana.es\/es\/nuevo-espectaculo\/#breadcrumb\",\"itemListElement\":[{\"@type\":\"ListItem\",\"position\":1,\"name\":\"Inici\",\"item\":\"https:\/\/www.lacubana.es\/es\/\"},{\"@type\":\"ListItem\",\"position\":2,\"name\":\"Un nuevo espect\u00e1culo. \u00bfSaldremos de \u00e9sta?\"}]},{\"@type\":\"WebSite\",\"@id\":\"https:\/\/www.lacubana.es\/#website\",\"url\":\"https:\/\/www.lacubana.es\/\",\"name\":\"La Cubana\",\"description\":\"Teatro La Cubana\",\"potentialAction\":[{\"@type\":\"SearchAction\",\"target\":{\"@type\":\"EntryPoint\",\"urlTemplate\":\"https:\/\/www.lacubana.es\/?s={search_term_string}\"},\"query-input\":{\"@type\":\"PropertyValueSpecification\",\"valueRequired\":true,\"valueName\":\"search_term_string\"}}],\"inLanguage\":\"es\"},{\"@type\":\"Person\",\"@id\":\"https:\/\/www.lacubana.es\/#\/schema\/person\/adbd0a6e3991b8f3e9e7bf209749bbad\",\"name\":\"nestorblog\",\"image\":{\"@type\":\"ImageObject\",\"inLanguage\":\"es\",\"@id\":\"https:\/\/www.lacubana.es\/#\/schema\/person\/image\/\",\"url\":\"https:\/\/secure.gravatar.com\/avatar\/ee4ec85d6605ab44c4a111c92988a83b087343cd8ea52dc1e08dd355fe285df0?s=96&d=mm&r=g\",\"contentUrl\":\"https:\/\/secure.gravatar.com\/avatar\/ee4ec85d6605ab44c4a111c92988a83b087343cd8ea52dc1e08dd355fe285df0?s=96&d=mm&r=g\",\"caption\":\"nestorblog\"},\"url\":\"https:\/\/www.lacubana.es\/es\/author\/nestorblog\/\"}]}<\/script>\n<!-- \/ Yoast SEO Premium plugin. -->","yoast_head_json":{"title":"Un nuevo espect\u00e1culo. \u00bfSaldremos de \u00e9sta? - La Cubana","robots":{"index":"index","follow":"follow","max-snippet":"max-snippet:-1","max-image-preview":"max-image-preview:large","max-video-preview":"max-video-preview:-1"},"canonical":"https:\/\/www.lacubana.es\/es\/nuevo-espectaculo\/","og_locale":"es_ES","og_type":"article","og_title":"Un nuevo espect\u00e1culo. \u00bfSaldremos de \u00e9sta?","og_description":"Despu\u00e9s de Campanadas de Boda, nuestros asesores, que son muchos y muy buenos nos aconsejaron que si quer\u00edamos seguir viviendo de lo que hemos hecho hasta ahora (teatro), ten\u00edamos que cambiar de registro, ya que el p\u00fablico quiere otra cosa, y consecuentemente, los programadores tambi\u00e9n. &hellip;","og_url":"https:\/\/www.lacubana.es\/es\/nuevo-espectaculo\/","og_site_name":"La Cubana","article_published_time":"2016-04-10T10:14:15+00:00","article_modified_time":"2016-07-13T07:18:57+00:00","og_image":[{"width":1211,"height":727,"url":"https:\/\/www.lacubana.es\/wp-content\/uploads\/2015\/06\/partitura.jpg","type":"image\/jpeg"}],"author":"nestorblog","twitter_card":"summary_large_image","twitter_misc":{"Escrito por":"nestorblog","Tiempo de lectura":"1 minuto"},"schema":{"@context":"https:\/\/schema.org","@graph":[{"@type":"Article","@id":"https:\/\/www.lacubana.es\/es\/nuevo-espectaculo\/#article","isPartOf":{"@id":"https:\/\/www.lacubana.es\/es\/nuevo-espectaculo\/"},"author":{"name":"nestorblog","@id":"https:\/\/www.lacubana.es\/#\/schema\/person\/adbd0a6e3991b8f3e9e7bf209749bbad"},"headline":"Un nuevo espect\u00e1culo. \u00bfSaldremos de \u00e9sta?","datePublished":"2016-04-10T10:14:15+00:00","dateModified":"2016-07-13T07:18:57+00:00","mainEntityOfPage":{"@id":"https:\/\/www.lacubana.es\/es\/nuevo-espectaculo\/"},"wordCount":282,"image":{"@id":"https:\/\/www.lacubana.es\/es\/nuevo-espectaculo\/#primaryimage"},"thumbnailUrl":"https:\/\/www.lacubana.es\/wp-content\/uploads\/2015\/06\/partitura.jpg","keywords":["Gente Bien","La Cubana","Musical","teatre"],"articleSection":["Sin categorizar"],"inLanguage":"es"},{"@type":"WebPage","@id":"https:\/\/www.lacubana.es\/es\/nuevo-espectaculo\/","url":"https:\/\/www.lacubana.es\/es\/nuevo-espectaculo\/","name":"Un nuevo espect\u00e1culo. \u00bfSaldremos de \u00e9sta? - La Cubana","isPartOf":{"@id":"https:\/\/www.lacubana.es\/#website"},"primaryImageOfPage":{"@id":"https:\/\/www.lacubana.es\/es\/nuevo-espectaculo\/#primaryimage"},"image":{"@id":"https:\/\/www.lacubana.es\/es\/nuevo-espectaculo\/#primaryimage"},"thumbnailUrl":"https:\/\/www.lacubana.es\/wp-content\/uploads\/2015\/06\/partitura.jpg","datePublished":"2016-04-10T10:14:15+00:00","dateModified":"2016-07-13T07:18:57+00:00","author":{"@id":"https:\/\/www.lacubana.es\/#\/schema\/person\/adbd0a6e3991b8f3e9e7bf209749bbad"},"breadcrumb":{"@id":"https:\/\/www.lacubana.es\/es\/nuevo-espectaculo\/#breadcrumb"},"inLanguage":"es","potentialAction":[{"@type":"ReadAction","target":["https:\/\/www.lacubana.es\/es\/nuevo-espectaculo\/"]}]},{"@type":"ImageObject","inLanguage":"es","@id":"https:\/\/www.lacubana.es\/es\/nuevo-espectaculo\/#primaryimage","url":"https:\/\/www.lacubana.es\/wp-content\/uploads\/2015\/06\/partitura.jpg","contentUrl":"https:\/\/www.lacubana.es\/wp-content\/uploads\/2015\/06\/partitura.jpg","width":1211,"height":727},{"@type":"BreadcrumbList","@id":"https:\/\/www.lacubana.es\/es\/nuevo-espectaculo\/#breadcrumb","itemListElement":[{"@type":"ListItem","position":1,"name":"Inici","item":"https:\/\/www.lacubana.es\/es\/"},{"@type":"ListItem","position":2,"name":"Un nuevo espect\u00e1culo. \u00bfSaldremos de \u00e9sta?"}]},{"@type":"WebSite","@id":"https:\/\/www.lacubana.es\/#website","url":"https:\/\/www.lacubana.es\/","name":"La Cubana","description":"Teatro La Cubana","potentialAction":[{"@type":"SearchAction","target":{"@type":"EntryPoint","urlTemplate":"https:\/\/www.lacubana.es\/?s={search_term_string}"},"query-input":{"@type":"PropertyValueSpecification","valueRequired":true,"valueName":"search_term_string"}}],"inLanguage":"es"},{"@type":"Person","@id":"https:\/\/www.lacubana.es\/#\/schema\/person\/adbd0a6e3991b8f3e9e7bf209749bbad","name":"nestorblog","image":{"@type":"ImageObject","inLanguage":"es","@id":"https:\/\/www.lacubana.es\/#\/schema\/person\/image\/","url":"https:\/\/secure.gravatar.com\/avatar\/ee4ec85d6605ab44c4a111c92988a83b087343cd8ea52dc1e08dd355fe285df0?s=96&d=mm&r=g","contentUrl":"https:\/\/secure.gravatar.com\/avatar\/ee4ec85d6605ab44c4a111c92988a83b087343cd8ea52dc1e08dd355fe285df0?s=96&d=mm&r=g","caption":"nestorblog"},"url":"https:\/\/www.lacubana.es\/es\/author\/nestorblog\/"}]}},"_links":{"self":[{"href":"https:\/\/www.lacubana.es\/es\/wp-json\/wp\/v2\/posts\/409","targetHints":{"allow":["GET"]}}],"collection":[{"href":"https:\/\/www.lacubana.es\/es\/wp-json\/wp\/v2\/posts"}],"about":[{"href":"https:\/\/www.lacubana.es\/es\/wp-json\/wp\/v2\/types\/post"}],"author":[{"embeddable":true,"href":"https:\/\/www.lacubana.es\/es\/wp-json\/wp\/v2\/users\/1"}],"replies":[{"embeddable":true,"href":"https:\/\/www.lacubana.es\/es\/wp-json\/wp\/v2\/comments?post=409"}],"version-history":[{"count":0,"href":"https:\/\/www.lacubana.es\/es\/wp-json\/wp\/v2\/posts\/409\/revisions"}],"wp:featuredmedia":[{"embeddable":true,"href":"https:\/\/www.lacubana.es\/es\/wp-json\/wp\/v2\/media\/6011"}],"wp:attachment":[{"href":"https:\/\/www.lacubana.es\/es\/wp-json\/wp\/v2\/media?parent=409"}],"wp:term":[{"taxonomy":"category","embeddable":true,"href":"https:\/\/www.lacubana.es\/es\/wp-json\/wp\/v2\/categories?post=409"},{"taxonomy":"post_tag","embeddable":true,"href":"https:\/\/www.lacubana.es\/es\/wp-json\/wp\/v2\/tags?post=409"}],"curies":[{"name":"wp","href":"https:\/\/api.w.org\/{rel}","templated":true}]}}