{"id":291291,"date":"2025-05-05T10:11:22","date_gmt":"2025-05-05T10:11:22","guid":{"rendered":"https:\/\/www.lacubana.es\/?p=291291"},"modified":"2025-12-11T12:42:10","modified_gmt":"2025-12-11T12:42:10","slug":"jordi-milan-director-de-la-cubana-recibe-la-medalla-de-honor-de-la-sgae","status":"publish","type":"post","link":"https:\/\/www.lacubana.es\/es\/jordi-milan-director-de-la-cubana-recibe-la-medalla-de-honor-de-la-sgae\/","title":{"rendered":"Jordi Mil\u00e1n, director de La Cubana, recibe la Medalla de Honor de la SGAE"},"content":{"rendered":"<p>Estamos muy felices de anunciar que <strong>Jordi Mil\u00e1n<\/strong>, director de <strong>La Cubana<\/strong>, ha sido distinguido con la <strong>Medalla de Honor 2025 de la SGAE<\/strong> por su trayectoria y contribuci\u00f3n al mundo de las artes esc\u00e9nicas.<\/p>\n<p>La SGAE ha reconocido a Jordi Mil\u00e1n por ser el alma de La Cubana, que \u201c<em>bajo su direcci\u00f3n, ha logrado acercar el teatro al gran p\u00fablico con un estilo propio, cargado de humor, complicidad y mucha creatividad<\/em>\u201d.<\/p>\n<p>Desde 1986, Jordi Mil\u00e1n ha firmado e impulsado m\u00e1s de una veintena de espect\u00e1culos emblem\u00e1ticos que han marcado generaciones: <em>C\u00f3meme el coco, negro<\/em>, <em>Campanadas de boda<\/em>, <em>Cegada de amor<\/em> o <em>Adi\u00f3s Arturo<\/em>, entre muchos otros.<\/p>\n<p>La entrega de los galardones de \u00e9ste a\u00f1o tendr\u00e1 lugar el pr\u00f3ximo <strong>21 de mayo en el Gran Teatre del Liceu de Barcelona<\/strong>, en una ceremonia donde tambi\u00e9n recibir\u00e1n la medalla Joaqu\u00edn Sabina, Gema R. Neira y la Editorial Boileau. Adem\u00e1s, se rendir\u00e1 homenaje a <strong>Mar\u00eda Lej\u00e1rraga<\/strong>, nombrada presidenta de honor a t\u00edtulo p\u00f3stumo.<\/p>\n<p>Este reconocimiento a Jordi tambi\u00e9n queremos compartirlo con todas las personas que han formado o forman parte de La Cubana. \u00a1Muchas felicidades, Jordi!<\/p>\n<div class=\"wp-block-image\"><img decoding=\"async\" class=\"wpa-warning wpa-image-missing-alt alignnone size-large wp-image-291279\" src=\"https:\/\/www.lacubana.es\/wp-content\/uploads\/2025\/05\/2025-Expo-Palau-Robert-2-copia-1024x683.jpg\" alt=\"\" width=\"1024\" height=\"683\" data-warning=\"Missing alt text\" srcset=\"https:\/\/www.lacubana.es\/wp-content\/uploads\/2025\/05\/2025-Expo-Palau-Robert-2-copia-1024x683.jpg 1024w, https:\/\/www.lacubana.es\/wp-content\/uploads\/2025\/05\/2025-Expo-Palau-Robert-2-copia-300x200.jpg 300w, https:\/\/www.lacubana.es\/wp-content\/uploads\/2025\/05\/2025-Expo-Palau-Robert-2-copia-768x512.jpg 768w, https:\/\/www.lacubana.es\/wp-content\/uploads\/2025\/05\/2025-Expo-Palau-Robert-2-copia-1536x1024.jpg 1536w, https:\/\/www.lacubana.es\/wp-content\/uploads\/2025\/05\/2025-Expo-Palau-Robert-2-copia-2048x1365.jpg 2048w, https:\/\/www.lacubana.es\/wp-content\/uploads\/2025\/05\/2025-Expo-Palau-Robert-2-copia-1080x720.jpg 1080w\" sizes=\"(max-width: 1024px) 100vw, 1024px\" \/><\/div>\n","protected":false},"excerpt":{"rendered":"<p>Estamos muy felices de anunciar que Jordi Mil\u00e1n, director de La Cubana, ha sido distinguido con la Medalla de Honor 2025 de la SGAE por su trayectoria y contribuci\u00f3n al mundo de las artes esc\u00e9nicas.<\/p>\n<p>La SGAE ha reconocido a Jordi Mil\u00e1n por ser el alma de La Cubana,<\/p>\n<p> &hellip;<\/p>\n","protected":false},"author":2,"featured_media":291279,"comment_status":"closed","ping_status":"closed","sticky":false,"template":"","format":"standard","meta":{"_acf_changed":false,"_et_pb_use_builder":"","_et_pb_old_content":"","_et_gb_content_width":"","_joinchat":[],"footnotes":""},"categories":[3],"tags":[],"class_list":["post-291291","post","type-post","status-publish","format-standard","has-post-thumbnail","hentry","category-sin-categorizar"],"acf":[],"yoast_head":"<!-- This site is optimized with the Yoast SEO Premium plugin v22.0 (Yoast SEO v27.0) - https:\/\/yoast.com\/product\/yoast-seo-premium-wordpress\/ -->\n<title>Jordi Mil\u00e1n, director de La Cubana, recibe la Medalla de Honor de la SGAE - La Cubana<\/title>\n<meta name=\"robots\" content=\"index, follow, max-snippet:-1, max-image-preview:large, max-video-preview:-1\" \/>\n<link rel=\"canonical\" href=\"https:\/\/www.lacubana.es\/es\/jordi-milan-director-de-la-cubana-recibe-la-medalla-de-honor-de-la-sgae\/\" \/>\n<meta property=\"og:locale\" content=\"es_ES\" \/>\n<meta property=\"og:type\" content=\"article\" \/>\n<meta property=\"og:title\" content=\"Jordi Mil\u00e1n, director de La Cubana, recibe la Medalla de Honor de la SGAE\" \/>\n<meta property=\"og:description\" content=\"Estamos muy felices de anunciar que Jordi Mil\u00e1n, director de La Cubana, ha sido distinguido con la Medalla de Honor 2025 de la SGAE por su trayectoria y contribuci\u00f3n al mundo de las artes esc\u00e9nicas. La SGAE ha reconocido a Jordi Mil\u00e1n por ser el alma de La Cubana, &hellip;\" \/>\n<meta property=\"og:url\" content=\"https:\/\/www.lacubana.es\/es\/jordi-milan-director-de-la-cubana-recibe-la-medalla-de-honor-de-la-sgae\/\" \/>\n<meta property=\"og:site_name\" content=\"La Cubana\" \/>\n<meta property=\"article:published_time\" content=\"2025-05-05T10:11:22+00:00\" \/>\n<meta property=\"article:modified_time\" content=\"2025-12-11T12:42:10+00:00\" \/>\n<meta property=\"og:image\" content=\"https:\/\/www.lacubana.es\/wp-content\/uploads\/2025\/05\/2025-Expo-Palau-Robert-2-copia-scaled.jpg\" \/>\n\t<meta property=\"og:image:width\" content=\"2880\" \/>\n\t<meta property=\"og:image:height\" content=\"1920\" \/>\n\t<meta property=\"og:image:type\" content=\"image\/jpeg\" \/>\n<meta name=\"author\" content=\"Pol Vinyes\" \/>\n<meta name=\"twitter:card\" content=\"summary_large_image\" \/>\n<meta name=\"twitter:label1\" content=\"Escrito por\" \/>\n\t<meta name=\"twitter:data1\" content=\"Pol Vinyes\" \/>\n\t<meta name=\"twitter:label2\" content=\"Tiempo de lectura\" \/>\n\t<meta name=\"twitter:data2\" content=\"2 minutos\" \/>\n<script type=\"application\/ld+json\" class=\"yoast-schema-graph\">{\"@context\":\"https:\/\/schema.org\",\"@graph\":[{\"@type\":\"Article\",\"@id\":\"https:\/\/www.lacubana.es\/es\/jordi-milan-director-de-la-cubana-recibe-la-medalla-de-honor-de-la-sgae\/#article\",\"isPartOf\":{\"@id\":\"https:\/\/www.lacubana.es\/es\/jordi-milan-director-de-la-cubana-recibe-la-medalla-de-honor-de-la-sgae\/\"},\"author\":{\"name\":\"Pol Vinyes\",\"@id\":\"https:\/\/www.lacubana.es\/#\/schema\/person\/c8152ce1e6c55839545d6348cde05329\"},\"headline\":\"Jordi Mil\u00e1n, director de La Cubana, recibe la Medalla de Honor de la SGAE\",\"datePublished\":\"2025-05-05T10:11:22+00:00\",\"dateModified\":\"2025-12-11T12:42:10+00:00\",\"mainEntityOfPage\":{\"@id\":\"https:\/\/www.lacubana.es\/es\/jordi-milan-director-de-la-cubana-recibe-la-medalla-de-honor-de-la-sgae\/\"},\"wordCount\":219,\"image\":{\"@id\":\"https:\/\/www.lacubana.es\/es\/jordi-milan-director-de-la-cubana-recibe-la-medalla-de-honor-de-la-sgae\/#primaryimage\"},\"thumbnailUrl\":\"https:\/\/www.lacubana.es\/wp-content\/uploads\/2025\/05\/2025-Expo-Palau-Robert-2-copia-scaled.jpg\",\"articleSection\":[\"Sin categorizar\"],\"inLanguage\":\"es\"},{\"@type\":\"WebPage\",\"@id\":\"https:\/\/www.lacubana.es\/es\/jordi-milan-director-de-la-cubana-recibe-la-medalla-de-honor-de-la-sgae\/\",\"url\":\"https:\/\/www.lacubana.es\/es\/jordi-milan-director-de-la-cubana-recibe-la-medalla-de-honor-de-la-sgae\/\",\"name\":\"Jordi Mil\u00e1n, director de La Cubana, recibe la Medalla de Honor de la SGAE - La Cubana\",\"isPartOf\":{\"@id\":\"https:\/\/www.lacubana.es\/#website\"},\"primaryImageOfPage\":{\"@id\":\"https:\/\/www.lacubana.es\/es\/jordi-milan-director-de-la-cubana-recibe-la-medalla-de-honor-de-la-sgae\/#primaryimage\"},\"image\":{\"@id\":\"https:\/\/www.lacubana.es\/es\/jordi-milan-director-de-la-cubana-recibe-la-medalla-de-honor-de-la-sgae\/#primaryimage\"},\"thumbnailUrl\":\"https:\/\/www.lacubana.es\/wp-content\/uploads\/2025\/05\/2025-Expo-Palau-Robert-2-copia-scaled.jpg\",\"datePublished\":\"2025-05-05T10:11:22+00:00\",\"dateModified\":\"2025-12-11T12:42:10+00:00\",\"author\":{\"@id\":\"https:\/\/www.lacubana.es\/#\/schema\/person\/c8152ce1e6c55839545d6348cde05329\"},\"breadcrumb\":{\"@id\":\"https:\/\/www.lacubana.es\/es\/jordi-milan-director-de-la-cubana-recibe-la-medalla-de-honor-de-la-sgae\/#breadcrumb\"},\"inLanguage\":\"es\",\"potentialAction\":[{\"@type\":\"ReadAction\",\"target\":[\"https:\/\/www.lacubana.es\/es\/jordi-milan-director-de-la-cubana-recibe-la-medalla-de-honor-de-la-sgae\/\"]}]},{\"@type\":\"ImageObject\",\"inLanguage\":\"es\",\"@id\":\"https:\/\/www.lacubana.es\/es\/jordi-milan-director-de-la-cubana-recibe-la-medalla-de-honor-de-la-sgae\/#primaryimage\",\"url\":\"https:\/\/www.lacubana.es\/wp-content\/uploads\/2025\/05\/2025-Expo-Palau-Robert-2-copia-scaled.jpg\",\"contentUrl\":\"https:\/\/www.lacubana.es\/wp-content\/uploads\/2025\/05\/2025-Expo-Palau-Robert-2-copia-scaled.jpg\",\"width\":2880,\"height\":1920},{\"@type\":\"BreadcrumbList\",\"@id\":\"https:\/\/www.lacubana.es\/es\/jordi-milan-director-de-la-cubana-recibe-la-medalla-de-honor-de-la-sgae\/#breadcrumb\",\"itemListElement\":[{\"@type\":\"ListItem\",\"position\":1,\"name\":\"Inici\",\"item\":\"https:\/\/www.lacubana.es\/es\/\"},{\"@type\":\"ListItem\",\"position\":2,\"name\":\"Jordi Mil\u00e1n, director de La Cubana, recibe la Medalla de Honor de la SGAE\"}]},{\"@type\":\"WebSite\",\"@id\":\"https:\/\/www.lacubana.es\/#website\",\"url\":\"https:\/\/www.lacubana.es\/\",\"name\":\"La Cubana\",\"description\":\"Teatro La Cubana\",\"potentialAction\":[{\"@type\":\"SearchAction\",\"target\":{\"@type\":\"EntryPoint\",\"urlTemplate\":\"https:\/\/www.lacubana.es\/?s={search_term_string}\"},\"query-input\":{\"@type\":\"PropertyValueSpecification\",\"valueRequired\":true,\"valueName\":\"search_term_string\"}}],\"inLanguage\":\"es\"},{\"@type\":\"Person\",\"@id\":\"https:\/\/www.lacubana.es\/#\/schema\/person\/c8152ce1e6c55839545d6348cde05329\",\"name\":\"Pol Vinyes\",\"image\":{\"@type\":\"ImageObject\",\"inLanguage\":\"es\",\"@id\":\"https:\/\/www.lacubana.es\/#\/schema\/person\/image\/\",\"url\":\"https:\/\/secure.gravatar.com\/avatar\/c6702000708b6847f0e1aee67258df623c3d0818f32423125064b8c43dc6d27a?s=96&d=mm&r=g\",\"contentUrl\":\"https:\/\/secure.gravatar.com\/avatar\/c6702000708b6847f0e1aee67258df623c3d0818f32423125064b8c43dc6d27a?s=96&d=mm&r=g\",\"caption\":\"Pol Vinyes\"},\"sameAs\":[\"https:\/\/www.lacubana.es\"],\"url\":\"https:\/\/www.lacubana.es\/es\/author\/gestio\/\"}]}<\/script>\n<!-- \/ Yoast SEO Premium plugin. -->","yoast_head_json":{"title":"Jordi Mil\u00e1n, director de La Cubana, recibe la Medalla de Honor de la SGAE - La Cubana","robots":{"index":"index","follow":"follow","max-snippet":"max-snippet:-1","max-image-preview":"max-image-preview:large","max-video-preview":"max-video-preview:-1"},"canonical":"https:\/\/www.lacubana.es\/es\/jordi-milan-director-de-la-cubana-recibe-la-medalla-de-honor-de-la-sgae\/","og_locale":"es_ES","og_type":"article","og_title":"Jordi Mil\u00e1n, director de La Cubana, recibe la Medalla de Honor de la SGAE","og_description":"Estamos muy felices de anunciar que Jordi Mil\u00e1n, director de La Cubana, ha sido distinguido con la Medalla de Honor 2025 de la SGAE por su trayectoria y contribuci\u00f3n al mundo de las artes esc\u00e9nicas. La SGAE ha reconocido a Jordi Mil\u00e1n por ser el alma de La Cubana, &hellip;","og_url":"https:\/\/www.lacubana.es\/es\/jordi-milan-director-de-la-cubana-recibe-la-medalla-de-honor-de-la-sgae\/","og_site_name":"La Cubana","article_published_time":"2025-05-05T10:11:22+00:00","article_modified_time":"2025-12-11T12:42:10+00:00","og_image":[{"width":2880,"height":1920,"url":"https:\/\/www.lacubana.es\/wp-content\/uploads\/2025\/05\/2025-Expo-Palau-Robert-2-copia-scaled.jpg","type":"image\/jpeg"}],"author":"Pol Vinyes","twitter_card":"summary_large_image","twitter_misc":{"Escrito por":"Pol Vinyes","Tiempo de lectura":"2 minutos"},"schema":{"@context":"https:\/\/schema.org","@graph":[{"@type":"Article","@id":"https:\/\/www.lacubana.es\/es\/jordi-milan-director-de-la-cubana-recibe-la-medalla-de-honor-de-la-sgae\/#article","isPartOf":{"@id":"https:\/\/www.lacubana.es\/es\/jordi-milan-director-de-la-cubana-recibe-la-medalla-de-honor-de-la-sgae\/"},"author":{"name":"Pol Vinyes","@id":"https:\/\/www.lacubana.es\/#\/schema\/person\/c8152ce1e6c55839545d6348cde05329"},"headline":"Jordi Mil\u00e1n, director de La Cubana, recibe la Medalla de Honor de la SGAE","datePublished":"2025-05-05T10:11:22+00:00","dateModified":"2025-12-11T12:42:10+00:00","mainEntityOfPage":{"@id":"https:\/\/www.lacubana.es\/es\/jordi-milan-director-de-la-cubana-recibe-la-medalla-de-honor-de-la-sgae\/"},"wordCount":219,"image":{"@id":"https:\/\/www.lacubana.es\/es\/jordi-milan-director-de-la-cubana-recibe-la-medalla-de-honor-de-la-sgae\/#primaryimage"},"thumbnailUrl":"https:\/\/www.lacubana.es\/wp-content\/uploads\/2025\/05\/2025-Expo-Palau-Robert-2-copia-scaled.jpg","articleSection":["Sin categorizar"],"inLanguage":"es"},{"@type":"WebPage","@id":"https:\/\/www.lacubana.es\/es\/jordi-milan-director-de-la-cubana-recibe-la-medalla-de-honor-de-la-sgae\/","url":"https:\/\/www.lacubana.es\/es\/jordi-milan-director-de-la-cubana-recibe-la-medalla-de-honor-de-la-sgae\/","name":"Jordi Mil\u00e1n, director de La Cubana, recibe la Medalla de Honor de la SGAE - La Cubana","isPartOf":{"@id":"https:\/\/www.lacubana.es\/#website"},"primaryImageOfPage":{"@id":"https:\/\/www.lacubana.es\/es\/jordi-milan-director-de-la-cubana-recibe-la-medalla-de-honor-de-la-sgae\/#primaryimage"},"image":{"@id":"https:\/\/www.lacubana.es\/es\/jordi-milan-director-de-la-cubana-recibe-la-medalla-de-honor-de-la-sgae\/#primaryimage"},"thumbnailUrl":"https:\/\/www.lacubana.es\/wp-content\/uploads\/2025\/05\/2025-Expo-Palau-Robert-2-copia-scaled.jpg","datePublished":"2025-05-05T10:11:22+00:00","dateModified":"2025-12-11T12:42:10+00:00","author":{"@id":"https:\/\/www.lacubana.es\/#\/schema\/person\/c8152ce1e6c55839545d6348cde05329"},"breadcrumb":{"@id":"https:\/\/www.lacubana.es\/es\/jordi-milan-director-de-la-cubana-recibe-la-medalla-de-honor-de-la-sgae\/#breadcrumb"},"inLanguage":"es","potentialAction":[{"@type":"ReadAction","target":["https:\/\/www.lacubana.es\/es\/jordi-milan-director-de-la-cubana-recibe-la-medalla-de-honor-de-la-sgae\/"]}]},{"@type":"ImageObject","inLanguage":"es","@id":"https:\/\/www.lacubana.es\/es\/jordi-milan-director-de-la-cubana-recibe-la-medalla-de-honor-de-la-sgae\/#primaryimage","url":"https:\/\/www.lacubana.es\/wp-content\/uploads\/2025\/05\/2025-Expo-Palau-Robert-2-copia-scaled.jpg","contentUrl":"https:\/\/www.lacubana.es\/wp-content\/uploads\/2025\/05\/2025-Expo-Palau-Robert-2-copia-scaled.jpg","width":2880,"height":1920},{"@type":"BreadcrumbList","@id":"https:\/\/www.lacubana.es\/es\/jordi-milan-director-de-la-cubana-recibe-la-medalla-de-honor-de-la-sgae\/#breadcrumb","itemListElement":[{"@type":"ListItem","position":1,"name":"Inici","item":"https:\/\/www.lacubana.es\/es\/"},{"@type":"ListItem","position":2,"name":"Jordi Mil\u00e1n, director de La Cubana, recibe la Medalla de Honor de la SGAE"}]},{"@type":"WebSite","@id":"https:\/\/www.lacubana.es\/#website","url":"https:\/\/www.lacubana.es\/","name":"La Cubana","description":"Teatro La Cubana","potentialAction":[{"@type":"SearchAction","target":{"@type":"EntryPoint","urlTemplate":"https:\/\/www.lacubana.es\/?s={search_term_string}"},"query-input":{"@type":"PropertyValueSpecification","valueRequired":true,"valueName":"search_term_string"}}],"inLanguage":"es"},{"@type":"Person","@id":"https:\/\/www.lacubana.es\/#\/schema\/person\/c8152ce1e6c55839545d6348cde05329","name":"Pol Vinyes","image":{"@type":"ImageObject","inLanguage":"es","@id":"https:\/\/www.lacubana.es\/#\/schema\/person\/image\/","url":"https:\/\/secure.gravatar.com\/avatar\/c6702000708b6847f0e1aee67258df623c3d0818f32423125064b8c43dc6d27a?s=96&d=mm&r=g","contentUrl":"https:\/\/secure.gravatar.com\/avatar\/c6702000708b6847f0e1aee67258df623c3d0818f32423125064b8c43dc6d27a?s=96&d=mm&r=g","caption":"Pol Vinyes"},"sameAs":["https:\/\/www.lacubana.es"],"url":"https:\/\/www.lacubana.es\/es\/author\/gestio\/"}]}},"_links":{"self":[{"href":"https:\/\/www.lacubana.es\/es\/wp-json\/wp\/v2\/posts\/291291","targetHints":{"allow":["GET"]}}],"collection":[{"href":"https:\/\/www.lacubana.es\/es\/wp-json\/wp\/v2\/posts"}],"about":[{"href":"https:\/\/www.lacubana.es\/es\/wp-json\/wp\/v2\/types\/post"}],"author":[{"embeddable":true,"href":"https:\/\/www.lacubana.es\/es\/wp-json\/wp\/v2\/users\/2"}],"replies":[{"embeddable":true,"href":"https:\/\/www.lacubana.es\/es\/wp-json\/wp\/v2\/comments?post=291291"}],"version-history":[{"count":1,"href":"https:\/\/www.lacubana.es\/es\/wp-json\/wp\/v2\/posts\/291291\/revisions"}],"predecessor-version":[{"id":291292,"href":"https:\/\/www.lacubana.es\/es\/wp-json\/wp\/v2\/posts\/291291\/revisions\/291292"}],"wp:featuredmedia":[{"embeddable":true,"href":"https:\/\/www.lacubana.es\/es\/wp-json\/wp\/v2\/media\/291279"}],"wp:attachment":[{"href":"https:\/\/www.lacubana.es\/es\/wp-json\/wp\/v2\/media?parent=291291"}],"wp:term":[{"taxonomy":"category","embeddable":true,"href":"https:\/\/www.lacubana.es\/es\/wp-json\/wp\/v2\/categories?post=291291"},{"taxonomy":"post_tag","embeddable":true,"href":"https:\/\/www.lacubana.es\/es\/wp-json\/wp\/v2\/tags?post=291291"}],"curies":[{"name":"wp","href":"https:\/\/api.w.org\/{rel}","templated":true}]}}