{"id":168130,"date":"2024-09-23T09:33:09","date_gmt":"2024-09-23T09:33:09","guid":{"rendered":"https:\/\/www.lacubana.es\/?p=168130"},"modified":"2024-09-23T09:36:17","modified_gmt":"2024-09-23T09:36:17","slug":"las-partituras-de-la-cancion-de-les-teresines","status":"publish","type":"post","link":"https:\/\/www.lacubana.es\/es\/las-partituras-de-la-cancion-de-les-teresines\/","title":{"rendered":"Las partituras de la canci\u00f3n de les Teresines"},"content":{"rendered":"<p><strong>La Editorial Boileau ha publicado las partituras de la \u201cCanci\u00f3n de las Teresinas\u201d<\/strong> para celebrar el \u00e9xito del \u201crevival\u201d \u201cteresino\u201d que empezamos con el podcast \u00ab<strong>Las Teresinas pim, pam, pum<\/strong>\u00bb por Catalunya Radio y la publicaci\u00f3n de la biograf\u00eda <strong>\u00abVida de Teresita\u00bb<\/strong><\/p>\n<p>La<strong> Editorial Musical Boileau<\/strong>, ha publicado un \u00e1lbum con la letra y las partituras de la popular <strong>\u201cCanci\u00f3n de las Teresinas\u201d<\/strong>, con m\u00fasica y letra del maestro<strong> Joan Vives<\/strong>.\u00a0O sea que todas aquellas personas que la quieran \u00abtocar y cantar\u00bb, ya saben lo que deben hacer: comprar las partituras que ha publicado esta prestigiosa editorial musical.\u00a0<strong>\u201cCanci\u00f3n de las Teresitas\u201d<\/strong> es un libreto muy pr\u00e1ctico, pensado para estudiantes de m\u00fasica, que aparte de la letra, contiene las partituras por voz y piano, y tambi\u00e9n la partitura instrumental (piano) que vienen acompa\u00f1adas de un c\u00f3digo QR para poder escuchar la versi\u00f3n cantada y la instrumental.<\/p>\n<p>Ni que decir tiene que para <strong>La Cubana<\/strong> es un honor que se hayan editado estas partituras y queremos aprovechar para agradecerle a nuestro m\u00fasico de siempre, <strong>Joan Vives<\/strong>, que aparte de las Teresinas, desde el a\u00f1o 1990 ha compuesto las m\u00fasicas de casi todos nuestros espect\u00e1culos.<\/p>\n<p>Este \u00e1lbum con las partituras se puede encontrar en la p\u00e1gina web de la Editorial Boileau (www.boileau-music.com), en su sede en la Calle Proven\u00e7a 287 o en las tiendas especializadas.<\/p>\n<div class=\"wp-block-image\"><img decoding=\"async\" class=\"wpa-warning wpa-image-missing-alt alignnone size-large wp-image-168123\" src=\"https:\/\/www.lacubana.es\/wp-content\/uploads\/2024\/09\/05.-2-Portada-1200x1200-tw-1024x1024.jpg\" alt=\"\" width=\"1024\" height=\"1024\" data-warning=\"Missing alt text\" srcset=\"https:\/\/www.lacubana.es\/wp-content\/uploads\/2024\/09\/05.-2-Portada-1200x1200-tw-1024x1024.jpg 1024w, https:\/\/www.lacubana.es\/wp-content\/uploads\/2024\/09\/05.-2-Portada-1200x1200-tw-300x300.jpg 300w, https:\/\/www.lacubana.es\/wp-content\/uploads\/2024\/09\/05.-2-Portada-1200x1200-tw-150x150.jpg 150w, https:\/\/www.lacubana.es\/wp-content\/uploads\/2024\/09\/05.-2-Portada-1200x1200-tw-768x768.jpg 768w, https:\/\/www.lacubana.es\/wp-content\/uploads\/2024\/09\/05.-2-Portada-1200x1200-tw-1080x1080.jpg 1080w, https:\/\/www.lacubana.es\/wp-content\/uploads\/2024\/09\/05.-2-Portada-1200x1200-tw.jpg 1200w\" sizes=\"(max-width: 1024px) 100vw, 1024px\" \/><\/div>\n","protected":false},"excerpt":{"rendered":"<p>La Editorial Boileau ha publicado las partituras de la \u201cCanci\u00f3n de las Teresinas\u201d para celebrar el \u00e9xito del \u201crevival\u201d \u201cteresino\u201d que empezamos con el podcast \u00abLas Teresinas pim, pam, pum\u00bb por Catalunya Radio y la publicaci\u00f3n de la biograf\u00eda \u00abVida de Teresita\u00bb<\/p>\n<p>La Editorial Musical Boileau, ha publicado un \u00e1lbum con la letra y las partituras de la popular \u201cCanci\u00f3n de las Teresinas\u201d,<\/p>\n<p> &hellip;<\/p>\n","protected":false},"author":2,"featured_media":168128,"comment_status":"closed","ping_status":"closed","sticky":false,"template":"","format":"standard","meta":{"_acf_changed":false,"_et_pb_use_builder":"","_et_pb_old_content":"","_et_gb_content_width":"","_joinchat":[],"footnotes":""},"categories":[3],"tags":[],"class_list":["post-168130","post","type-post","status-publish","format-standard","has-post-thumbnail","hentry","category-sin-categorizar"],"acf":[],"yoast_head":"<!-- This site is optimized with the Yoast SEO Premium plugin v22.0 (Yoast SEO v27.0) - https:\/\/yoast.com\/product\/yoast-seo-premium-wordpress\/ -->\n<title>Las partituras de la canci\u00f3n de les Teresines - La Cubana<\/title>\n<meta name=\"robots\" content=\"index, follow, max-snippet:-1, max-image-preview:large, max-video-preview:-1\" \/>\n<link rel=\"canonical\" href=\"https:\/\/www.lacubana.es\/es\/las-partituras-de-la-cancion-de-les-teresines\/\" \/>\n<meta property=\"og:locale\" content=\"es_ES\" \/>\n<meta property=\"og:type\" content=\"article\" \/>\n<meta property=\"og:title\" content=\"Las partituras de la canci\u00f3n de les Teresines\" \/>\n<meta property=\"og:description\" content=\"La Editorial Boileau ha publicado las partituras de la \u201cCanci\u00f3n de las Teresinas\u201d para celebrar el \u00e9xito del \u201crevival\u201d \u201cteresino\u201d que empezamos con el podcast \u00abLas Teresinas pim, pam, pum\u00bb por Catalunya Radio y la publicaci\u00f3n de la biograf\u00eda \u00abVida de Teresita\u00bb La Editorial Musical Boileau, ha publicado un \u00e1lbum con la letra y las partituras de la popular \u201cCanci\u00f3n de las Teresinas\u201d, &hellip;\" \/>\n<meta property=\"og:url\" content=\"https:\/\/www.lacubana.es\/es\/las-partituras-de-la-cancion-de-les-teresines\/\" \/>\n<meta property=\"og:site_name\" content=\"La Cubana\" \/>\n<meta property=\"article:published_time\" content=\"2024-09-23T09:33:09+00:00\" \/>\n<meta property=\"article:modified_time\" content=\"2024-09-23T09:36:17+00:00\" \/>\n<meta property=\"og:image\" content=\"https:\/\/www.lacubana.es\/wp-content\/uploads\/2024\/09\/portada1920x1080.jpg\" \/>\n\t<meta property=\"og:image:width\" content=\"1920\" \/>\n\t<meta property=\"og:image:height\" content=\"1080\" \/>\n\t<meta property=\"og:image:type\" content=\"image\/jpeg\" \/>\n<meta name=\"author\" content=\"Pol Vinyes\" \/>\n<meta name=\"twitter:card\" content=\"summary_large_image\" \/>\n<meta name=\"twitter:label1\" content=\"Escrito por\" \/>\n\t<meta name=\"twitter:data1\" content=\"Pol Vinyes\" \/>\n\t<meta name=\"twitter:label2\" content=\"Tiempo de lectura\" \/>\n\t<meta name=\"twitter:data2\" content=\"2 minutos\" \/>\n<script type=\"application\/ld+json\" class=\"yoast-schema-graph\">{\"@context\":\"https:\/\/schema.org\",\"@graph\":[{\"@type\":\"Article\",\"@id\":\"https:\/\/www.lacubana.es\/es\/las-partituras-de-la-cancion-de-les-teresines\/#article\",\"isPartOf\":{\"@id\":\"https:\/\/www.lacubana.es\/es\/las-partituras-de-la-cancion-de-les-teresines\/\"},\"author\":{\"name\":\"Pol Vinyes\",\"@id\":\"https:\/\/www.lacubana.es\/#\/schema\/person\/c8152ce1e6c55839545d6348cde05329\"},\"headline\":\"Las partituras de la canci\u00f3n de les Teresines\",\"datePublished\":\"2024-09-23T09:33:09+00:00\",\"dateModified\":\"2024-09-23T09:36:17+00:00\",\"mainEntityOfPage\":{\"@id\":\"https:\/\/www.lacubana.es\/es\/las-partituras-de-la-cancion-de-les-teresines\/\"},\"wordCount\":251,\"image\":{\"@id\":\"https:\/\/www.lacubana.es\/es\/las-partituras-de-la-cancion-de-les-teresines\/#primaryimage\"},\"thumbnailUrl\":\"https:\/\/www.lacubana.es\/wp-content\/uploads\/2024\/09\/portada1920x1080.jpg\",\"articleSection\":[\"Sin categorizar\"],\"inLanguage\":\"es\"},{\"@type\":\"WebPage\",\"@id\":\"https:\/\/www.lacubana.es\/es\/las-partituras-de-la-cancion-de-les-teresines\/\",\"url\":\"https:\/\/www.lacubana.es\/es\/las-partituras-de-la-cancion-de-les-teresines\/\",\"name\":\"Las partituras de la canci\u00f3n de les Teresines - La Cubana\",\"isPartOf\":{\"@id\":\"https:\/\/www.lacubana.es\/#website\"},\"primaryImageOfPage\":{\"@id\":\"https:\/\/www.lacubana.es\/es\/las-partituras-de-la-cancion-de-les-teresines\/#primaryimage\"},\"image\":{\"@id\":\"https:\/\/www.lacubana.es\/es\/las-partituras-de-la-cancion-de-les-teresines\/#primaryimage\"},\"thumbnailUrl\":\"https:\/\/www.lacubana.es\/wp-content\/uploads\/2024\/09\/portada1920x1080.jpg\",\"datePublished\":\"2024-09-23T09:33:09+00:00\",\"dateModified\":\"2024-09-23T09:36:17+00:00\",\"author\":{\"@id\":\"https:\/\/www.lacubana.es\/#\/schema\/person\/c8152ce1e6c55839545d6348cde05329\"},\"breadcrumb\":{\"@id\":\"https:\/\/www.lacubana.es\/es\/las-partituras-de-la-cancion-de-les-teresines\/#breadcrumb\"},\"inLanguage\":\"es\",\"potentialAction\":[{\"@type\":\"ReadAction\",\"target\":[\"https:\/\/www.lacubana.es\/es\/las-partituras-de-la-cancion-de-les-teresines\/\"]}]},{\"@type\":\"ImageObject\",\"inLanguage\":\"es\",\"@id\":\"https:\/\/www.lacubana.es\/es\/las-partituras-de-la-cancion-de-les-teresines\/#primaryimage\",\"url\":\"https:\/\/www.lacubana.es\/wp-content\/uploads\/2024\/09\/portada1920x1080.jpg\",\"contentUrl\":\"https:\/\/www.lacubana.es\/wp-content\/uploads\/2024\/09\/portada1920x1080.jpg\",\"width\":1920,\"height\":1080},{\"@type\":\"BreadcrumbList\",\"@id\":\"https:\/\/www.lacubana.es\/es\/las-partituras-de-la-cancion-de-les-teresines\/#breadcrumb\",\"itemListElement\":[{\"@type\":\"ListItem\",\"position\":1,\"name\":\"Inici\",\"item\":\"https:\/\/www.lacubana.es\/es\/\"},{\"@type\":\"ListItem\",\"position\":2,\"name\":\"Las partituras de la canci\u00f3n de les Teresines\"}]},{\"@type\":\"WebSite\",\"@id\":\"https:\/\/www.lacubana.es\/#website\",\"url\":\"https:\/\/www.lacubana.es\/\",\"name\":\"La Cubana\",\"description\":\"Teatro La Cubana\",\"potentialAction\":[{\"@type\":\"SearchAction\",\"target\":{\"@type\":\"EntryPoint\",\"urlTemplate\":\"https:\/\/www.lacubana.es\/?s={search_term_string}\"},\"query-input\":{\"@type\":\"PropertyValueSpecification\",\"valueRequired\":true,\"valueName\":\"search_term_string\"}}],\"inLanguage\":\"es\"},{\"@type\":\"Person\",\"@id\":\"https:\/\/www.lacubana.es\/#\/schema\/person\/c8152ce1e6c55839545d6348cde05329\",\"name\":\"Pol Vinyes\",\"image\":{\"@type\":\"ImageObject\",\"inLanguage\":\"es\",\"@id\":\"https:\/\/www.lacubana.es\/#\/schema\/person\/image\/\",\"url\":\"https:\/\/secure.gravatar.com\/avatar\/c6702000708b6847f0e1aee67258df623c3d0818f32423125064b8c43dc6d27a?s=96&d=mm&r=g\",\"contentUrl\":\"https:\/\/secure.gravatar.com\/avatar\/c6702000708b6847f0e1aee67258df623c3d0818f32423125064b8c43dc6d27a?s=96&d=mm&r=g\",\"caption\":\"Pol Vinyes\"},\"sameAs\":[\"https:\/\/www.lacubana.es\"],\"url\":\"https:\/\/www.lacubana.es\/es\/author\/gestio\/\"}]}<\/script>\n<!-- \/ Yoast SEO Premium plugin. -->","yoast_head_json":{"title":"Las partituras de la canci\u00f3n de les Teresines - La Cubana","robots":{"index":"index","follow":"follow","max-snippet":"max-snippet:-1","max-image-preview":"max-image-preview:large","max-video-preview":"max-video-preview:-1"},"canonical":"https:\/\/www.lacubana.es\/es\/las-partituras-de-la-cancion-de-les-teresines\/","og_locale":"es_ES","og_type":"article","og_title":"Las partituras de la canci\u00f3n de les Teresines","og_description":"La Editorial Boileau ha publicado las partituras de la \u201cCanci\u00f3n de las Teresinas\u201d para celebrar el \u00e9xito del \u201crevival\u201d \u201cteresino\u201d que empezamos con el podcast \u00abLas Teresinas pim, pam, pum\u00bb por Catalunya Radio y la publicaci\u00f3n de la biograf\u00eda \u00abVida de Teresita\u00bb La Editorial Musical Boileau, ha publicado un \u00e1lbum con la letra y las partituras de la popular \u201cCanci\u00f3n de las Teresinas\u201d, &hellip;","og_url":"https:\/\/www.lacubana.es\/es\/las-partituras-de-la-cancion-de-les-teresines\/","og_site_name":"La Cubana","article_published_time":"2024-09-23T09:33:09+00:00","article_modified_time":"2024-09-23T09:36:17+00:00","og_image":[{"width":1920,"height":1080,"url":"https:\/\/www.lacubana.es\/wp-content\/uploads\/2024\/09\/portada1920x1080.jpg","type":"image\/jpeg"}],"author":"Pol Vinyes","twitter_card":"summary_large_image","twitter_misc":{"Escrito por":"Pol Vinyes","Tiempo de lectura":"2 minutos"},"schema":{"@context":"https:\/\/schema.org","@graph":[{"@type":"Article","@id":"https:\/\/www.lacubana.es\/es\/las-partituras-de-la-cancion-de-les-teresines\/#article","isPartOf":{"@id":"https:\/\/www.lacubana.es\/es\/las-partituras-de-la-cancion-de-les-teresines\/"},"author":{"name":"Pol Vinyes","@id":"https:\/\/www.lacubana.es\/#\/schema\/person\/c8152ce1e6c55839545d6348cde05329"},"headline":"Las partituras de la canci\u00f3n de les Teresines","datePublished":"2024-09-23T09:33:09+00:00","dateModified":"2024-09-23T09:36:17+00:00","mainEntityOfPage":{"@id":"https:\/\/www.lacubana.es\/es\/las-partituras-de-la-cancion-de-les-teresines\/"},"wordCount":251,"image":{"@id":"https:\/\/www.lacubana.es\/es\/las-partituras-de-la-cancion-de-les-teresines\/#primaryimage"},"thumbnailUrl":"https:\/\/www.lacubana.es\/wp-content\/uploads\/2024\/09\/portada1920x1080.jpg","articleSection":["Sin categorizar"],"inLanguage":"es"},{"@type":"WebPage","@id":"https:\/\/www.lacubana.es\/es\/las-partituras-de-la-cancion-de-les-teresines\/","url":"https:\/\/www.lacubana.es\/es\/las-partituras-de-la-cancion-de-les-teresines\/","name":"Las partituras de la canci\u00f3n de les Teresines - La Cubana","isPartOf":{"@id":"https:\/\/www.lacubana.es\/#website"},"primaryImageOfPage":{"@id":"https:\/\/www.lacubana.es\/es\/las-partituras-de-la-cancion-de-les-teresines\/#primaryimage"},"image":{"@id":"https:\/\/www.lacubana.es\/es\/las-partituras-de-la-cancion-de-les-teresines\/#primaryimage"},"thumbnailUrl":"https:\/\/www.lacubana.es\/wp-content\/uploads\/2024\/09\/portada1920x1080.jpg","datePublished":"2024-09-23T09:33:09+00:00","dateModified":"2024-09-23T09:36:17+00:00","author":{"@id":"https:\/\/www.lacubana.es\/#\/schema\/person\/c8152ce1e6c55839545d6348cde05329"},"breadcrumb":{"@id":"https:\/\/www.lacubana.es\/es\/las-partituras-de-la-cancion-de-les-teresines\/#breadcrumb"},"inLanguage":"es","potentialAction":[{"@type":"ReadAction","target":["https:\/\/www.lacubana.es\/es\/las-partituras-de-la-cancion-de-les-teresines\/"]}]},{"@type":"ImageObject","inLanguage":"es","@id":"https:\/\/www.lacubana.es\/es\/las-partituras-de-la-cancion-de-les-teresines\/#primaryimage","url":"https:\/\/www.lacubana.es\/wp-content\/uploads\/2024\/09\/portada1920x1080.jpg","contentUrl":"https:\/\/www.lacubana.es\/wp-content\/uploads\/2024\/09\/portada1920x1080.jpg","width":1920,"height":1080},{"@type":"BreadcrumbList","@id":"https:\/\/www.lacubana.es\/es\/las-partituras-de-la-cancion-de-les-teresines\/#breadcrumb","itemListElement":[{"@type":"ListItem","position":1,"name":"Inici","item":"https:\/\/www.lacubana.es\/es\/"},{"@type":"ListItem","position":2,"name":"Las partituras de la canci\u00f3n de les Teresines"}]},{"@type":"WebSite","@id":"https:\/\/www.lacubana.es\/#website","url":"https:\/\/www.lacubana.es\/","name":"La Cubana","description":"Teatro La Cubana","potentialAction":[{"@type":"SearchAction","target":{"@type":"EntryPoint","urlTemplate":"https:\/\/www.lacubana.es\/?s={search_term_string}"},"query-input":{"@type":"PropertyValueSpecification","valueRequired":true,"valueName":"search_term_string"}}],"inLanguage":"es"},{"@type":"Person","@id":"https:\/\/www.lacubana.es\/#\/schema\/person\/c8152ce1e6c55839545d6348cde05329","name":"Pol Vinyes","image":{"@type":"ImageObject","inLanguage":"es","@id":"https:\/\/www.lacubana.es\/#\/schema\/person\/image\/","url":"https:\/\/secure.gravatar.com\/avatar\/c6702000708b6847f0e1aee67258df623c3d0818f32423125064b8c43dc6d27a?s=96&d=mm&r=g","contentUrl":"https:\/\/secure.gravatar.com\/avatar\/c6702000708b6847f0e1aee67258df623c3d0818f32423125064b8c43dc6d27a?s=96&d=mm&r=g","caption":"Pol Vinyes"},"sameAs":["https:\/\/www.lacubana.es"],"url":"https:\/\/www.lacubana.es\/es\/author\/gestio\/"}]}},"_links":{"self":[{"href":"https:\/\/www.lacubana.es\/es\/wp-json\/wp\/v2\/posts\/168130","targetHints":{"allow":["GET"]}}],"collection":[{"href":"https:\/\/www.lacubana.es\/es\/wp-json\/wp\/v2\/posts"}],"about":[{"href":"https:\/\/www.lacubana.es\/es\/wp-json\/wp\/v2\/types\/post"}],"author":[{"embeddable":true,"href":"https:\/\/www.lacubana.es\/es\/wp-json\/wp\/v2\/users\/2"}],"replies":[{"embeddable":true,"href":"https:\/\/www.lacubana.es\/es\/wp-json\/wp\/v2\/comments?post=168130"}],"version-history":[{"count":1,"href":"https:\/\/www.lacubana.es\/es\/wp-json\/wp\/v2\/posts\/168130\/revisions"}],"predecessor-version":[{"id":168131,"href":"https:\/\/www.lacubana.es\/es\/wp-json\/wp\/v2\/posts\/168130\/revisions\/168131"}],"wp:featuredmedia":[{"embeddable":true,"href":"https:\/\/www.lacubana.es\/es\/wp-json\/wp\/v2\/media\/168128"}],"wp:attachment":[{"href":"https:\/\/www.lacubana.es\/es\/wp-json\/wp\/v2\/media?parent=168130"}],"wp:term":[{"taxonomy":"category","embeddable":true,"href":"https:\/\/www.lacubana.es\/es\/wp-json\/wp\/v2\/categories?post=168130"},{"taxonomy":"post_tag","embeddable":true,"href":"https:\/\/www.lacubana.es\/es\/wp-json\/wp\/v2\/tags?post=168130"}],"curies":[{"name":"wp","href":"https:\/\/api.w.org\/{rel}","templated":true}]}}