{"id":137300,"date":"2024-07-23T08:19:27","date_gmt":"2024-07-23T08:19:27","guid":{"rendered":"https:\/\/www.lacubana.es\/?p=137300"},"modified":"2024-07-23T08:19:27","modified_gmt":"2024-07-23T08:19:27","slug":"teresina-s-a-en-netflix","status":"publish","type":"post","link":"https:\/\/www.lacubana.es\/es\/teresina-s-a-en-netflix\/","title":{"rendered":"\u00abTERESINA S.A.\u00bb en Netflix"},"content":{"rendered":"<p>Tras 32 a\u00f1os de su estreno y que \u201cTeresina SA\u201d se haya convertido en una serie de culto en Catalu\u00f1a, finalmente,<strong> este martes 23 de Julio, llegan a NETFLIX<\/strong> los trece cap\u00edtulos de la serie que La Cubana produjo juntamente con Televisi\u00f3 de Catalunya.<\/p>\n<p>Para quien todav\u00eda no conozca esta comedia se trata de un retrato costumbrista, que ense\u00f1a una serie de situaciones cotidianas muy cercanas y conocidas por todos. Teresinas, las protagonistas, son tres hermanas solteras del barrio barcelon\u00e9s de Gr\u00e0cia, que viven con su hermano Tom\u00e0s.<\/p>\n<p>\u201cTeresina, S.A.\u201d es el nombre de la empresa de econom\u00eda sumergida que tienen montada en casa, donde hacen pedidos de cualquier cosa que les ofrecen: mu\u00f1ecos de peluche, ensobrar cartas, pegar botones, flores de papel, souvenirs, banderitas\u2026<\/p>\n<p>Por el piso de las Teresinas pasan a trabajar o a cotillear casi todos los vecinos de la escalera. Cada cap\u00edtulo se sit\u00faa en un mes del a\u00f1o por orden cronol\u00f3gico (empezando en agosto y terminando en agosto del siguiente a\u00f1o) y lleva el t\u00edtulo de alguna fiesta tradicional del calendario, que tambi\u00e9n va relacionado con el pedido que han recibido y est\u00e1n \u00abproduciendo\u00bb.<\/p>\n<p>Esperamos que todos aquellos que conozcan la serie se la recomiende a sus amigos de todas partes, ya que \u201cTeresina S.A\u201d se podr\u00e1 ver en la plataforma Netflix tambi\u00e9n con subt\u00edtulos en castellano.<\/p>\n<div class=\"wp-block-image\"><img decoding=\"async\" class=\"wpa-warning wpa-image-missing-alt alignnone size-large wp-image-134640\" src=\"https:\/\/www.lacubana.es\/wp-content\/uploads\/2024\/07\/Teresina-S.A-cap.-13-197-copia-1024x838.jpg\" alt=\"\" width=\"1024\" height=\"838\" data-warning=\"Missing alt text\" srcset=\"https:\/\/www.lacubana.es\/wp-content\/uploads\/2024\/07\/Teresina-S.A-cap.-13-197-copia-1024x838.jpg 1024w, https:\/\/www.lacubana.es\/wp-content\/uploads\/2024\/07\/Teresina-S.A-cap.-13-197-copia-300x245.jpg 300w, https:\/\/www.lacubana.es\/wp-content\/uploads\/2024\/07\/Teresina-S.A-cap.-13-197-copia-768x628.jpg 768w, https:\/\/www.lacubana.es\/wp-content\/uploads\/2024\/07\/Teresina-S.A-cap.-13-197-copia-1080x884.jpg 1080w, https:\/\/www.lacubana.es\/wp-content\/uploads\/2024\/07\/Teresina-S.A-cap.-13-197-copia.jpg 1386w\" sizes=\"(max-width: 1024px) 100vw, 1024px\" \/><\/div>\n","protected":false},"excerpt":{"rendered":"<p>Tras 32 a\u00f1os de su estreno y que \u201cTeresina SA\u201d se haya convertido en una serie de culto en Catalu\u00f1a, finalmente, este martes 23 de Julio, llegan a NETFLIX los trece cap\u00edtulos de la serie que La Cubana produjo juntamente con Televisi\u00f3 de Catalunya.<\/p>\n<p>Para quien todav\u00eda no conozca esta comedia se trata de un retrato costumbrista,<\/p>\n<p> &hellip;<\/p>\n","protected":false},"author":2,"featured_media":134637,"comment_status":"closed","ping_status":"closed","sticky":false,"template":"","format":"standard","meta":{"_acf_changed":false,"_et_pb_use_builder":"","_et_pb_old_content":"","_et_gb_content_width":"","_joinchat":[],"footnotes":""},"categories":[3],"tags":[],"class_list":["post-137300","post","type-post","status-publish","format-standard","has-post-thumbnail","hentry","category-sin-categorizar"],"acf":[],"yoast_head":"<!-- This site is optimized with the Yoast SEO Premium plugin v22.0 (Yoast SEO v27.0) - https:\/\/yoast.com\/product\/yoast-seo-premium-wordpress\/ -->\n<title>&quot;TERESINA S.A.&quot; en Netflix - La Cubana<\/title>\n<meta name=\"robots\" content=\"index, follow, max-snippet:-1, max-image-preview:large, max-video-preview:-1\" \/>\n<link rel=\"canonical\" href=\"https:\/\/www.lacubana.es\/es\/teresina-s-a-en-netflix\/\" \/>\n<meta property=\"og:locale\" content=\"es_ES\" \/>\n<meta property=\"og:type\" content=\"article\" \/>\n<meta property=\"og:title\" content=\"&quot;TERESINA S.A.&quot; en Netflix\" \/>\n<meta property=\"og:description\" content=\"Tras 32 a\u00f1os de su estreno y que \u201cTeresina SA\u201d se haya convertido en una serie de culto en Catalu\u00f1a, finalmente, este martes 23 de Julio, llegan a NETFLIX los trece cap\u00edtulos de la serie que La Cubana produjo juntamente con Televisi\u00f3 de Catalunya. Para quien todav\u00eda no conozca esta comedia se trata de un retrato costumbrista, &hellip;\" \/>\n<meta property=\"og:url\" content=\"https:\/\/www.lacubana.es\/es\/teresina-s-a-en-netflix\/\" \/>\n<meta property=\"og:site_name\" content=\"La Cubana\" \/>\n<meta property=\"article:published_time\" content=\"2024-07-23T08:19:27+00:00\" \/>\n<meta property=\"og:image\" content=\"https:\/\/www.lacubana.es\/wp-content\/uploads\/2024\/07\/Teresines-netflix-1920x1080px-horitzontal.jpg\" \/>\n\t<meta property=\"og:image:width\" content=\"1608\" \/>\n\t<meta property=\"og:image:height\" content=\"904\" \/>\n\t<meta property=\"og:image:type\" content=\"image\/jpeg\" \/>\n<meta name=\"author\" content=\"Pol Vinyes\" \/>\n<meta name=\"twitter:card\" content=\"summary_large_image\" \/>\n<meta name=\"twitter:label1\" content=\"Escrito por\" \/>\n\t<meta name=\"twitter:data1\" content=\"Pol Vinyes\" \/>\n\t<meta name=\"twitter:label2\" content=\"Tiempo de lectura\" \/>\n\t<meta name=\"twitter:data2\" content=\"2 minutos\" \/>\n<script type=\"application\/ld+json\" class=\"yoast-schema-graph\">{\"@context\":\"https:\/\/schema.org\",\"@graph\":[{\"@type\":\"Article\",\"@id\":\"https:\/\/www.lacubana.es\/es\/teresina-s-a-en-netflix\/#article\",\"isPartOf\":{\"@id\":\"https:\/\/www.lacubana.es\/es\/teresina-s-a-en-netflix\/\"},\"author\":{\"name\":\"Pol Vinyes\",\"@id\":\"https:\/\/www.lacubana.es\/#\/schema\/person\/c8152ce1e6c55839545d6348cde05329\"},\"headline\":\"\u00abTERESINA S.A.\u00bb en Netflix\",\"datePublished\":\"2024-07-23T08:19:27+00:00\",\"mainEntityOfPage\":{\"@id\":\"https:\/\/www.lacubana.es\/es\/teresina-s-a-en-netflix\/\"},\"wordCount\":247,\"image\":{\"@id\":\"https:\/\/www.lacubana.es\/es\/teresina-s-a-en-netflix\/#primaryimage\"},\"thumbnailUrl\":\"https:\/\/www.lacubana.es\/wp-content\/uploads\/2024\/07\/Teresines-netflix-1920x1080px-horitzontal.jpg\",\"articleSection\":[\"Sin categorizar\"],\"inLanguage\":\"es\"},{\"@type\":\"WebPage\",\"@id\":\"https:\/\/www.lacubana.es\/es\/teresina-s-a-en-netflix\/\",\"url\":\"https:\/\/www.lacubana.es\/es\/teresina-s-a-en-netflix\/\",\"name\":\"\\\"TERESINA S.A.\\\" en Netflix - La Cubana\",\"isPartOf\":{\"@id\":\"https:\/\/www.lacubana.es\/#website\"},\"primaryImageOfPage\":{\"@id\":\"https:\/\/www.lacubana.es\/es\/teresina-s-a-en-netflix\/#primaryimage\"},\"image\":{\"@id\":\"https:\/\/www.lacubana.es\/es\/teresina-s-a-en-netflix\/#primaryimage\"},\"thumbnailUrl\":\"https:\/\/www.lacubana.es\/wp-content\/uploads\/2024\/07\/Teresines-netflix-1920x1080px-horitzontal.jpg\",\"datePublished\":\"2024-07-23T08:19:27+00:00\",\"author\":{\"@id\":\"https:\/\/www.lacubana.es\/#\/schema\/person\/c8152ce1e6c55839545d6348cde05329\"},\"breadcrumb\":{\"@id\":\"https:\/\/www.lacubana.es\/es\/teresina-s-a-en-netflix\/#breadcrumb\"},\"inLanguage\":\"es\",\"potentialAction\":[{\"@type\":\"ReadAction\",\"target\":[\"https:\/\/www.lacubana.es\/es\/teresina-s-a-en-netflix\/\"]}]},{\"@type\":\"ImageObject\",\"inLanguage\":\"es\",\"@id\":\"https:\/\/www.lacubana.es\/es\/teresina-s-a-en-netflix\/#primaryimage\",\"url\":\"https:\/\/www.lacubana.es\/wp-content\/uploads\/2024\/07\/Teresines-netflix-1920x1080px-horitzontal.jpg\",\"contentUrl\":\"https:\/\/www.lacubana.es\/wp-content\/uploads\/2024\/07\/Teresines-netflix-1920x1080px-horitzontal.jpg\",\"width\":1608,\"height\":904},{\"@type\":\"BreadcrumbList\",\"@id\":\"https:\/\/www.lacubana.es\/es\/teresina-s-a-en-netflix\/#breadcrumb\",\"itemListElement\":[{\"@type\":\"ListItem\",\"position\":1,\"name\":\"Inici\",\"item\":\"https:\/\/www.lacubana.es\/es\/\"},{\"@type\":\"ListItem\",\"position\":2,\"name\":\"\u00abTERESINA S.A.\u00bb en Netflix\"}]},{\"@type\":\"WebSite\",\"@id\":\"https:\/\/www.lacubana.es\/#website\",\"url\":\"https:\/\/www.lacubana.es\/\",\"name\":\"La Cubana\",\"description\":\"Teatro La Cubana\",\"potentialAction\":[{\"@type\":\"SearchAction\",\"target\":{\"@type\":\"EntryPoint\",\"urlTemplate\":\"https:\/\/www.lacubana.es\/?s={search_term_string}\"},\"query-input\":{\"@type\":\"PropertyValueSpecification\",\"valueRequired\":true,\"valueName\":\"search_term_string\"}}],\"inLanguage\":\"es\"},{\"@type\":\"Person\",\"@id\":\"https:\/\/www.lacubana.es\/#\/schema\/person\/c8152ce1e6c55839545d6348cde05329\",\"name\":\"Pol Vinyes\",\"image\":{\"@type\":\"ImageObject\",\"inLanguage\":\"es\",\"@id\":\"https:\/\/www.lacubana.es\/#\/schema\/person\/image\/\",\"url\":\"https:\/\/secure.gravatar.com\/avatar\/c6702000708b6847f0e1aee67258df623c3d0818f32423125064b8c43dc6d27a?s=96&d=mm&r=g\",\"contentUrl\":\"https:\/\/secure.gravatar.com\/avatar\/c6702000708b6847f0e1aee67258df623c3d0818f32423125064b8c43dc6d27a?s=96&d=mm&r=g\",\"caption\":\"Pol Vinyes\"},\"sameAs\":[\"https:\/\/www.lacubana.es\"],\"url\":\"https:\/\/www.lacubana.es\/es\/author\/gestio\/\"}]}<\/script>\n<!-- \/ Yoast SEO Premium plugin. -->","yoast_head_json":{"title":"\"TERESINA S.A.\" en Netflix - La Cubana","robots":{"index":"index","follow":"follow","max-snippet":"max-snippet:-1","max-image-preview":"max-image-preview:large","max-video-preview":"max-video-preview:-1"},"canonical":"https:\/\/www.lacubana.es\/es\/teresina-s-a-en-netflix\/","og_locale":"es_ES","og_type":"article","og_title":"\"TERESINA S.A.\" en Netflix","og_description":"Tras 32 a\u00f1os de su estreno y que \u201cTeresina SA\u201d se haya convertido en una serie de culto en Catalu\u00f1a, finalmente, este martes 23 de Julio, llegan a NETFLIX los trece cap\u00edtulos de la serie que La Cubana produjo juntamente con Televisi\u00f3 de Catalunya. Para quien todav\u00eda no conozca esta comedia se trata de un retrato costumbrista, &hellip;","og_url":"https:\/\/www.lacubana.es\/es\/teresina-s-a-en-netflix\/","og_site_name":"La Cubana","article_published_time":"2024-07-23T08:19:27+00:00","og_image":[{"width":1608,"height":904,"url":"https:\/\/www.lacubana.es\/wp-content\/uploads\/2024\/07\/Teresines-netflix-1920x1080px-horitzontal.jpg","type":"image\/jpeg"}],"author":"Pol Vinyes","twitter_card":"summary_large_image","twitter_misc":{"Escrito por":"Pol Vinyes","Tiempo de lectura":"2 minutos"},"schema":{"@context":"https:\/\/schema.org","@graph":[{"@type":"Article","@id":"https:\/\/www.lacubana.es\/es\/teresina-s-a-en-netflix\/#article","isPartOf":{"@id":"https:\/\/www.lacubana.es\/es\/teresina-s-a-en-netflix\/"},"author":{"name":"Pol Vinyes","@id":"https:\/\/www.lacubana.es\/#\/schema\/person\/c8152ce1e6c55839545d6348cde05329"},"headline":"\u00abTERESINA S.A.\u00bb en Netflix","datePublished":"2024-07-23T08:19:27+00:00","mainEntityOfPage":{"@id":"https:\/\/www.lacubana.es\/es\/teresina-s-a-en-netflix\/"},"wordCount":247,"image":{"@id":"https:\/\/www.lacubana.es\/es\/teresina-s-a-en-netflix\/#primaryimage"},"thumbnailUrl":"https:\/\/www.lacubana.es\/wp-content\/uploads\/2024\/07\/Teresines-netflix-1920x1080px-horitzontal.jpg","articleSection":["Sin categorizar"],"inLanguage":"es"},{"@type":"WebPage","@id":"https:\/\/www.lacubana.es\/es\/teresina-s-a-en-netflix\/","url":"https:\/\/www.lacubana.es\/es\/teresina-s-a-en-netflix\/","name":"\"TERESINA S.A.\" en Netflix - La Cubana","isPartOf":{"@id":"https:\/\/www.lacubana.es\/#website"},"primaryImageOfPage":{"@id":"https:\/\/www.lacubana.es\/es\/teresina-s-a-en-netflix\/#primaryimage"},"image":{"@id":"https:\/\/www.lacubana.es\/es\/teresina-s-a-en-netflix\/#primaryimage"},"thumbnailUrl":"https:\/\/www.lacubana.es\/wp-content\/uploads\/2024\/07\/Teresines-netflix-1920x1080px-horitzontal.jpg","datePublished":"2024-07-23T08:19:27+00:00","author":{"@id":"https:\/\/www.lacubana.es\/#\/schema\/person\/c8152ce1e6c55839545d6348cde05329"},"breadcrumb":{"@id":"https:\/\/www.lacubana.es\/es\/teresina-s-a-en-netflix\/#breadcrumb"},"inLanguage":"es","potentialAction":[{"@type":"ReadAction","target":["https:\/\/www.lacubana.es\/es\/teresina-s-a-en-netflix\/"]}]},{"@type":"ImageObject","inLanguage":"es","@id":"https:\/\/www.lacubana.es\/es\/teresina-s-a-en-netflix\/#primaryimage","url":"https:\/\/www.lacubana.es\/wp-content\/uploads\/2024\/07\/Teresines-netflix-1920x1080px-horitzontal.jpg","contentUrl":"https:\/\/www.lacubana.es\/wp-content\/uploads\/2024\/07\/Teresines-netflix-1920x1080px-horitzontal.jpg","width":1608,"height":904},{"@type":"BreadcrumbList","@id":"https:\/\/www.lacubana.es\/es\/teresina-s-a-en-netflix\/#breadcrumb","itemListElement":[{"@type":"ListItem","position":1,"name":"Inici","item":"https:\/\/www.lacubana.es\/es\/"},{"@type":"ListItem","position":2,"name":"\u00abTERESINA S.A.\u00bb en Netflix"}]},{"@type":"WebSite","@id":"https:\/\/www.lacubana.es\/#website","url":"https:\/\/www.lacubana.es\/","name":"La Cubana","description":"Teatro La Cubana","potentialAction":[{"@type":"SearchAction","target":{"@type":"EntryPoint","urlTemplate":"https:\/\/www.lacubana.es\/?s={search_term_string}"},"query-input":{"@type":"PropertyValueSpecification","valueRequired":true,"valueName":"search_term_string"}}],"inLanguage":"es"},{"@type":"Person","@id":"https:\/\/www.lacubana.es\/#\/schema\/person\/c8152ce1e6c55839545d6348cde05329","name":"Pol Vinyes","image":{"@type":"ImageObject","inLanguage":"es","@id":"https:\/\/www.lacubana.es\/#\/schema\/person\/image\/","url":"https:\/\/secure.gravatar.com\/avatar\/c6702000708b6847f0e1aee67258df623c3d0818f32423125064b8c43dc6d27a?s=96&d=mm&r=g","contentUrl":"https:\/\/secure.gravatar.com\/avatar\/c6702000708b6847f0e1aee67258df623c3d0818f32423125064b8c43dc6d27a?s=96&d=mm&r=g","caption":"Pol Vinyes"},"sameAs":["https:\/\/www.lacubana.es"],"url":"https:\/\/www.lacubana.es\/es\/author\/gestio\/"}]}},"_links":{"self":[{"href":"https:\/\/www.lacubana.es\/es\/wp-json\/wp\/v2\/posts\/137300","targetHints":{"allow":["GET"]}}],"collection":[{"href":"https:\/\/www.lacubana.es\/es\/wp-json\/wp\/v2\/posts"}],"about":[{"href":"https:\/\/www.lacubana.es\/es\/wp-json\/wp\/v2\/types\/post"}],"author":[{"embeddable":true,"href":"https:\/\/www.lacubana.es\/es\/wp-json\/wp\/v2\/users\/2"}],"replies":[{"embeddable":true,"href":"https:\/\/www.lacubana.es\/es\/wp-json\/wp\/v2\/comments?post=137300"}],"version-history":[{"count":1,"href":"https:\/\/www.lacubana.es\/es\/wp-json\/wp\/v2\/posts\/137300\/revisions"}],"predecessor-version":[{"id":137301,"href":"https:\/\/www.lacubana.es\/es\/wp-json\/wp\/v2\/posts\/137300\/revisions\/137301"}],"wp:featuredmedia":[{"embeddable":true,"href":"https:\/\/www.lacubana.es\/es\/wp-json\/wp\/v2\/media\/134637"}],"wp:attachment":[{"href":"https:\/\/www.lacubana.es\/es\/wp-json\/wp\/v2\/media?parent=137300"}],"wp:term":[{"taxonomy":"category","embeddable":true,"href":"https:\/\/www.lacubana.es\/es\/wp-json\/wp\/v2\/categories?post=137300"},{"taxonomy":"post_tag","embeddable":true,"href":"https:\/\/www.lacubana.es\/es\/wp-json\/wp\/v2\/tags?post=137300"}],"curies":[{"name":"wp","href":"https:\/\/api.w.org\/{rel}","templated":true}]}}