{"id":123458,"date":"2024-04-21T10:53:58","date_gmt":"2024-04-21T10:53:58","guid":{"rendered":"https:\/\/www.lacubana.es\/vida-de-teresina-ja-va-per-la-tercera-edicio\/"},"modified":"2024-06-25T13:40:26","modified_gmt":"2024-06-25T13:40:26","slug":"vida-de-teresina-ja-va-per-la-tercera-edicio","status":"publish","type":"post","link":"https:\/\/www.lacubana.es\/es\/vida-de-teresina-ja-va-per-la-tercera-edicio\/","title":{"rendered":"\u201cVida de Teresina\u201d ja va per la tercera edici\u00f3"},"content":{"rendered":"<p>Les Teresines (sobretot) i nosaltres (La Cubana) no podem estar m\u00e9s contents i satisfets amb la resposta que est\u00e0 tenint el llibre.<\/p>\n<p>L\u2019Editorial Penguin ha anunciat, nom\u00e9s tres setmanes despr\u00e9s que es pos\u00e9s a la venda, que ja han tret la tercera edici\u00f3 de la biografia de les <strong>Teresines<\/strong>.<\/p>\n<p>Segons ens han explicat hi ha diversos factors que han sigut determinants a l\u2019hora de prendre aquesta decisi\u00f3. La primera \u00e9s que el llibre s\u2019est\u00e0 venent molt b\u00e9 arreu de Catalunya i que \u00abVida de Teresina\u00bb s\u2019ha situat als r\u00e0nquings de llibres m\u00e9s venuts, un altre factor \u00e9s que amb la imminent arribada del Sant Jordi, fa que hi hagi molt bones previsions i s\u2019ha d\u2019evitar \u201cde totes totes\u201d que la gent es pugui quedar sense. I \u00f2bviament tamb\u00e9 han tingut en compte el retorn que estem rebent dels lectors: el llibre est\u00e0 agradant molt als lectors que ja l\u2019han comprat i se l\u2019han pogut llegir.<\/p>\n<p>\u00c9s per tot aix\u00f2 que estem \u201cm\u00e9s contents que un nen amb sabates noves\u201d&#8230;<\/p>\n<p>&nbsp;<\/p>\n<div class=\"wp-block-image\"><img decoding=\"async\" class=\"wpa-warning wpa-image-missing-alt alignnone size-full wp-image-110942\" src=\"https:\/\/www.lacubana.es\/wp-content\/uploads\/2024\/05\/tercera-edicio.jpg\" alt=\"\" width=\"764\" height=\"500\" data-warning=\"Missing alt text\" srcset=\"https:\/\/www.lacubana.es\/wp-content\/uploads\/2024\/05\/tercera-edicio.jpg 764w, https:\/\/www.lacubana.es\/wp-content\/uploads\/2024\/05\/tercera-edicio-300x196.jpg 300w\" sizes=\"(max-width: 764px) 100vw, 764px\" \/><\/div>\n","protected":false},"excerpt":{"rendered":"<p>Les Teresines (sobretot) i nosaltres (La Cubana) no podem estar m\u00e9s contents i satisfets amb la resposta que est\u00e0 tenint el llibre.<\/p>\n<p>L\u2019Editorial Penguin ha anunciat, nom\u00e9s tres setmanes despr\u00e9s que es pos\u00e9s a la venda, que ja han tret la tercera edici\u00f3 de la biografia de les Teresines.<\/p>\n<p> &hellip;<\/p>\n","protected":false},"author":2,"featured_media":110944,"comment_status":"closed","ping_status":"closed","sticky":false,"template":"","format":"standard","meta":{"_acf_changed":false,"_et_pb_use_builder":"","_et_pb_old_content":"","_et_gb_content_width":"","_joinchat":[],"footnotes":""},"categories":[3],"tags":[],"class_list":["post-123458","post","type-post","status-publish","format-standard","has-post-thumbnail","hentry","category-sin-categorizar"],"acf":[],"yoast_head":"<!-- This site is optimized with the Yoast SEO Premium plugin v22.0 (Yoast SEO v27.0) - https:\/\/yoast.com\/product\/yoast-seo-premium-wordpress\/ -->\n<title>\u201cVida de Teresina\u201d ja va per la tercera edici\u00f3 - La Cubana<\/title>\n<meta name=\"robots\" content=\"index, follow, max-snippet:-1, max-image-preview:large, max-video-preview:-1\" \/>\n<link rel=\"canonical\" href=\"https:\/\/www.lacubana.es\/en\/3th-edition-of-vida-de-teresina\/\" \/>\n<meta property=\"og:locale\" content=\"es_ES\" \/>\n<meta property=\"og:type\" content=\"article\" \/>\n<meta property=\"og:title\" content=\"\u201cVida de Teresina\u201d ja va per la tercera edici\u00f3\" \/>\n<meta property=\"og:description\" content=\"Les Teresines (sobretot) i nosaltres (La Cubana) no podem estar m\u00e9s contents i satisfets amb la resposta que est\u00e0 tenint el llibre. L\u2019Editorial Penguin ha anunciat, nom\u00e9s tres setmanes despr\u00e9s que es pos\u00e9s a la venda, que ja han tret la tercera edici\u00f3 de la biografia de les Teresines. &hellip;\" \/>\n<meta property=\"og:url\" content=\"https:\/\/www.lacubana.es\/en\/3th-edition-of-vida-de-teresina\/\" \/>\n<meta property=\"og:site_name\" content=\"La Cubana\" \/>\n<meta property=\"article:published_time\" content=\"2024-04-21T10:53:58+00:00\" \/>\n<meta property=\"article:modified_time\" content=\"2024-06-25T13:40:26+00:00\" \/>\n<meta property=\"og:image\" content=\"https:\/\/www.lacubana.es\/wp-content\/uploads\/2024\/05\/tercera-edicio.jpg\" \/>\n\t<meta property=\"og:image:width\" content=\"764\" \/>\n\t<meta property=\"og:image:height\" content=\"500\" \/>\n\t<meta property=\"og:image:type\" content=\"image\/jpeg\" \/>\n<meta name=\"author\" content=\"Pol Vinyes\" \/>\n<meta name=\"twitter:card\" content=\"summary_large_image\" \/>\n<meta name=\"twitter:label1\" content=\"Escrito por\" \/>\n\t<meta name=\"twitter:data1\" content=\"Pol Vinyes\" \/>\n\t<meta name=\"twitter:label2\" content=\"Tiempo de lectura\" \/>\n\t<meta name=\"twitter:data2\" content=\"2 minutos\" \/>\n<script type=\"application\/ld+json\" class=\"yoast-schema-graph\">{\"@context\":\"https:\/\/schema.org\",\"@graph\":[{\"@type\":\"Article\",\"@id\":\"https:\/\/www.lacubana.es\/en\/3th-edition-of-vida-de-teresina\/#article\",\"isPartOf\":{\"@id\":\"https:\/\/www.lacubana.es\/en\/3th-edition-of-vida-de-teresina\/\"},\"author\":{\"name\":\"Pol Vinyes\",\"@id\":\"https:\/\/www.lacubana.es\/#\/schema\/person\/c8152ce1e6c55839545d6348cde05329\"},\"headline\":\"\u201cVida de Teresina\u201d ja va per la tercera edici\u00f3\",\"datePublished\":\"2024-04-21T10:53:58+00:00\",\"dateModified\":\"2024-06-25T13:40:26+00:00\",\"mainEntityOfPage\":{\"@id\":\"https:\/\/www.lacubana.es\/en\/3th-edition-of-vida-de-teresina\/\"},\"wordCount\":194,\"image\":{\"@id\":\"https:\/\/www.lacubana.es\/en\/3th-edition-of-vida-de-teresina\/#primaryimage\"},\"thumbnailUrl\":\"https:\/\/www.lacubana.es\/wp-content\/uploads\/2024\/05\/tercera-edicio.jpg\",\"articleSection\":[\"Sin categorizar\"],\"inLanguage\":\"es\"},{\"@type\":\"WebPage\",\"@id\":\"https:\/\/www.lacubana.es\/en\/3th-edition-of-vida-de-teresina\/\",\"url\":\"https:\/\/www.lacubana.es\/en\/3th-edition-of-vida-de-teresina\/\",\"name\":\"\u201cVida de Teresina\u201d ja va per la tercera edici\u00f3 - La Cubana\",\"isPartOf\":{\"@id\":\"https:\/\/www.lacubana.es\/#website\"},\"primaryImageOfPage\":{\"@id\":\"https:\/\/www.lacubana.es\/en\/3th-edition-of-vida-de-teresina\/#primaryimage\"},\"image\":{\"@id\":\"https:\/\/www.lacubana.es\/en\/3th-edition-of-vida-de-teresina\/#primaryimage\"},\"thumbnailUrl\":\"https:\/\/www.lacubana.es\/wp-content\/uploads\/2024\/05\/tercera-edicio.jpg\",\"datePublished\":\"2024-04-21T10:53:58+00:00\",\"dateModified\":\"2024-06-25T13:40:26+00:00\",\"author\":{\"@id\":\"https:\/\/www.lacubana.es\/#\/schema\/person\/c8152ce1e6c55839545d6348cde05329\"},\"breadcrumb\":{\"@id\":\"https:\/\/www.lacubana.es\/en\/3th-edition-of-vida-de-teresina\/#breadcrumb\"},\"inLanguage\":\"es\",\"potentialAction\":[{\"@type\":\"ReadAction\",\"target\":[\"https:\/\/www.lacubana.es\/en\/3th-edition-of-vida-de-teresina\/\"]}]},{\"@type\":\"ImageObject\",\"inLanguage\":\"es\",\"@id\":\"https:\/\/www.lacubana.es\/en\/3th-edition-of-vida-de-teresina\/#primaryimage\",\"url\":\"https:\/\/www.lacubana.es\/wp-content\/uploads\/2024\/05\/tercera-edicio.jpg\",\"contentUrl\":\"https:\/\/www.lacubana.es\/wp-content\/uploads\/2024\/05\/tercera-edicio.jpg\",\"width\":764,\"height\":500},{\"@type\":\"BreadcrumbList\",\"@id\":\"https:\/\/www.lacubana.es\/en\/3th-edition-of-vida-de-teresina\/#breadcrumb\",\"itemListElement\":[{\"@type\":\"ListItem\",\"position\":1,\"name\":\"Inici\",\"item\":\"https:\/\/www.lacubana.es\/es\/\"},{\"@type\":\"ListItem\",\"position\":2,\"name\":\"\u201cVida de Teresina\u201d ja va per la tercera edici\u00f3\"}]},{\"@type\":\"WebSite\",\"@id\":\"https:\/\/www.lacubana.es\/#website\",\"url\":\"https:\/\/www.lacubana.es\/\",\"name\":\"La Cubana\",\"description\":\"Teatro La Cubana\",\"potentialAction\":[{\"@type\":\"SearchAction\",\"target\":{\"@type\":\"EntryPoint\",\"urlTemplate\":\"https:\/\/www.lacubana.es\/?s={search_term_string}\"},\"query-input\":{\"@type\":\"PropertyValueSpecification\",\"valueRequired\":true,\"valueName\":\"search_term_string\"}}],\"inLanguage\":\"es\"},{\"@type\":\"Person\",\"@id\":\"https:\/\/www.lacubana.es\/#\/schema\/person\/c8152ce1e6c55839545d6348cde05329\",\"name\":\"Pol Vinyes\",\"image\":{\"@type\":\"ImageObject\",\"inLanguage\":\"es\",\"@id\":\"https:\/\/www.lacubana.es\/#\/schema\/person\/image\/\",\"url\":\"https:\/\/secure.gravatar.com\/avatar\/c6702000708b6847f0e1aee67258df623c3d0818f32423125064b8c43dc6d27a?s=96&d=mm&r=g\",\"contentUrl\":\"https:\/\/secure.gravatar.com\/avatar\/c6702000708b6847f0e1aee67258df623c3d0818f32423125064b8c43dc6d27a?s=96&d=mm&r=g\",\"caption\":\"Pol Vinyes\"},\"sameAs\":[\"https:\/\/www.lacubana.es\"],\"url\":\"https:\/\/www.lacubana.es\/es\/author\/gestio\/\"}]}<\/script>\n<!-- \/ Yoast SEO Premium plugin. -->","yoast_head_json":{"title":"\u201cVida de Teresina\u201d ja va per la tercera edici\u00f3 - La Cubana","robots":{"index":"index","follow":"follow","max-snippet":"max-snippet:-1","max-image-preview":"max-image-preview:large","max-video-preview":"max-video-preview:-1"},"canonical":"https:\/\/www.lacubana.es\/en\/3th-edition-of-vida-de-teresina\/","og_locale":"es_ES","og_type":"article","og_title":"\u201cVida de Teresina\u201d ja va per la tercera edici\u00f3","og_description":"Les Teresines (sobretot) i nosaltres (La Cubana) no podem estar m\u00e9s contents i satisfets amb la resposta que est\u00e0 tenint el llibre. L\u2019Editorial Penguin ha anunciat, nom\u00e9s tres setmanes despr\u00e9s que es pos\u00e9s a la venda, que ja han tret la tercera edici\u00f3 de la biografia de les Teresines. &hellip;","og_url":"https:\/\/www.lacubana.es\/en\/3th-edition-of-vida-de-teresina\/","og_site_name":"La Cubana","article_published_time":"2024-04-21T10:53:58+00:00","article_modified_time":"2024-06-25T13:40:26+00:00","og_image":[{"width":764,"height":500,"url":"https:\/\/www.lacubana.es\/wp-content\/uploads\/2024\/05\/tercera-edicio.jpg","type":"image\/jpeg"}],"author":"Pol Vinyes","twitter_card":"summary_large_image","twitter_misc":{"Escrito por":"Pol Vinyes","Tiempo de lectura":"2 minutos"},"schema":{"@context":"https:\/\/schema.org","@graph":[{"@type":"Article","@id":"https:\/\/www.lacubana.es\/en\/3th-edition-of-vida-de-teresina\/#article","isPartOf":{"@id":"https:\/\/www.lacubana.es\/en\/3th-edition-of-vida-de-teresina\/"},"author":{"name":"Pol Vinyes","@id":"https:\/\/www.lacubana.es\/#\/schema\/person\/c8152ce1e6c55839545d6348cde05329"},"headline":"\u201cVida de Teresina\u201d ja va per la tercera edici\u00f3","datePublished":"2024-04-21T10:53:58+00:00","dateModified":"2024-06-25T13:40:26+00:00","mainEntityOfPage":{"@id":"https:\/\/www.lacubana.es\/en\/3th-edition-of-vida-de-teresina\/"},"wordCount":194,"image":{"@id":"https:\/\/www.lacubana.es\/en\/3th-edition-of-vida-de-teresina\/#primaryimage"},"thumbnailUrl":"https:\/\/www.lacubana.es\/wp-content\/uploads\/2024\/05\/tercera-edicio.jpg","articleSection":["Sin categorizar"],"inLanguage":"es"},{"@type":"WebPage","@id":"https:\/\/www.lacubana.es\/en\/3th-edition-of-vida-de-teresina\/","url":"https:\/\/www.lacubana.es\/en\/3th-edition-of-vida-de-teresina\/","name":"\u201cVida de Teresina\u201d ja va per la tercera edici\u00f3 - La Cubana","isPartOf":{"@id":"https:\/\/www.lacubana.es\/#website"},"primaryImageOfPage":{"@id":"https:\/\/www.lacubana.es\/en\/3th-edition-of-vida-de-teresina\/#primaryimage"},"image":{"@id":"https:\/\/www.lacubana.es\/en\/3th-edition-of-vida-de-teresina\/#primaryimage"},"thumbnailUrl":"https:\/\/www.lacubana.es\/wp-content\/uploads\/2024\/05\/tercera-edicio.jpg","datePublished":"2024-04-21T10:53:58+00:00","dateModified":"2024-06-25T13:40:26+00:00","author":{"@id":"https:\/\/www.lacubana.es\/#\/schema\/person\/c8152ce1e6c55839545d6348cde05329"},"breadcrumb":{"@id":"https:\/\/www.lacubana.es\/en\/3th-edition-of-vida-de-teresina\/#breadcrumb"},"inLanguage":"es","potentialAction":[{"@type":"ReadAction","target":["https:\/\/www.lacubana.es\/en\/3th-edition-of-vida-de-teresina\/"]}]},{"@type":"ImageObject","inLanguage":"es","@id":"https:\/\/www.lacubana.es\/en\/3th-edition-of-vida-de-teresina\/#primaryimage","url":"https:\/\/www.lacubana.es\/wp-content\/uploads\/2024\/05\/tercera-edicio.jpg","contentUrl":"https:\/\/www.lacubana.es\/wp-content\/uploads\/2024\/05\/tercera-edicio.jpg","width":764,"height":500},{"@type":"BreadcrumbList","@id":"https:\/\/www.lacubana.es\/en\/3th-edition-of-vida-de-teresina\/#breadcrumb","itemListElement":[{"@type":"ListItem","position":1,"name":"Inici","item":"https:\/\/www.lacubana.es\/es\/"},{"@type":"ListItem","position":2,"name":"\u201cVida de Teresina\u201d ja va per la tercera edici\u00f3"}]},{"@type":"WebSite","@id":"https:\/\/www.lacubana.es\/#website","url":"https:\/\/www.lacubana.es\/","name":"La Cubana","description":"Teatro La Cubana","potentialAction":[{"@type":"SearchAction","target":{"@type":"EntryPoint","urlTemplate":"https:\/\/www.lacubana.es\/?s={search_term_string}"},"query-input":{"@type":"PropertyValueSpecification","valueRequired":true,"valueName":"search_term_string"}}],"inLanguage":"es"},{"@type":"Person","@id":"https:\/\/www.lacubana.es\/#\/schema\/person\/c8152ce1e6c55839545d6348cde05329","name":"Pol Vinyes","image":{"@type":"ImageObject","inLanguage":"es","@id":"https:\/\/www.lacubana.es\/#\/schema\/person\/image\/","url":"https:\/\/secure.gravatar.com\/avatar\/c6702000708b6847f0e1aee67258df623c3d0818f32423125064b8c43dc6d27a?s=96&d=mm&r=g","contentUrl":"https:\/\/secure.gravatar.com\/avatar\/c6702000708b6847f0e1aee67258df623c3d0818f32423125064b8c43dc6d27a?s=96&d=mm&r=g","caption":"Pol Vinyes"},"sameAs":["https:\/\/www.lacubana.es"],"url":"https:\/\/www.lacubana.es\/es\/author\/gestio\/"}]}},"_links":{"self":[{"href":"https:\/\/www.lacubana.es\/es\/wp-json\/wp\/v2\/posts\/123458","targetHints":{"allow":["GET"]}}],"collection":[{"href":"https:\/\/www.lacubana.es\/es\/wp-json\/wp\/v2\/posts"}],"about":[{"href":"https:\/\/www.lacubana.es\/es\/wp-json\/wp\/v2\/types\/post"}],"author":[{"embeddable":true,"href":"https:\/\/www.lacubana.es\/es\/wp-json\/wp\/v2\/users\/2"}],"replies":[{"embeddable":true,"href":"https:\/\/www.lacubana.es\/es\/wp-json\/wp\/v2\/comments?post=123458"}],"version-history":[{"count":1,"href":"https:\/\/www.lacubana.es\/es\/wp-json\/wp\/v2\/posts\/123458\/revisions"}],"predecessor-version":[{"id":123459,"href":"https:\/\/www.lacubana.es\/es\/wp-json\/wp\/v2\/posts\/123458\/revisions\/123459"}],"wp:featuredmedia":[{"embeddable":true,"href":"https:\/\/www.lacubana.es\/es\/wp-json\/wp\/v2\/media\/110944"}],"wp:attachment":[{"href":"https:\/\/www.lacubana.es\/es\/wp-json\/wp\/v2\/media?parent=123458"}],"wp:term":[{"taxonomy":"category","embeddable":true,"href":"https:\/\/www.lacubana.es\/es\/wp-json\/wp\/v2\/categories?post=123458"},{"taxonomy":"post_tag","embeddable":true,"href":"https:\/\/www.lacubana.es\/es\/wp-json\/wp\/v2\/tags?post=123458"}],"curies":[{"name":"wp","href":"https:\/\/api.w.org\/{rel}","templated":true}]}}