{"id":110979,"date":"2024-04-29T11:35:28","date_gmt":"2024-04-29T11:35:28","guid":{"rendered":"https:\/\/www.lacubana.es\/?p=110979"},"modified":"2025-02-12T09:22:58","modified_gmt":"2025-02-12T09:22:58","slug":"vida-de-teresina-el-dia-del-libro","status":"publish","type":"post","link":"https:\/\/www.lacubana.es\/es\/vida-de-teresina-el-dia-del-libro\/","title":{"rendered":"\u00abVida de Teresina\u00bb el d\u00eda del libro"},"content":{"rendered":"<p>Sant Jordi fue un d\u00eda maravilloso&#8230; Las Teresines se pusieron ropa c\u00f3moda y quisieron acompa\u00f1arse de tres \u00abmozos\u00bb que las llevaron rodando a las firmas en diferentes puntos de Barcelona. Tampoco se lo quisieron perder Rosita y Paca, que tambi\u00e9n salieron de Gr\u00e0cia para encontrarse con todos los seguidores de la serie.<\/p>\n<p>La jornada comenz\u00f3 con una visita a las paradas de Catalunya Radio y Rac1 que ten\u00edan montadas en el centro de Barcelona y despu\u00e9s fueron circulando por diferentes paradas de libros de Barcelona (la FNAC, la Librer\u00eda Ona, la Librer\u00eda Alibris, la Librer\u00eda Abacus) y tambi\u00e9n a la parada especial que La Cubana mont\u00f3 en la Rambla de las Flores, frente al Mercado de la Boquer\u00eda.<\/p>\n<p>Hubo muchos momentos de emoci\u00f3n por parte de todas aquellas personas que han disfrutado con estos personajes y que los quieren como si fueran de la familia.<\/p>\n<p>\u00a1Muchas gracias a todos los que lo hicieron posible! \u00a1Fue un d\u00eda inolvidable!<\/p>\n<div class=\"wp-block-image\"><img decoding=\"async\" class=\"wpa-warning wpa-image-missing-alt alignnone size-large wp-image-110976\" src=\"https:\/\/www.lacubana.es\/wp-content\/uploads\/2024\/05\/Rac1-02-1024x1024.jpg\" alt=\"\" width=\"1024\" height=\"1024\" data-warning=\"Missing alt text\" srcset=\"https:\/\/www.lacubana.es\/wp-content\/uploads\/2024\/05\/Rac1-02-1024x1024.jpg 1024w, https:\/\/www.lacubana.es\/wp-content\/uploads\/2024\/05\/Rac1-02-300x300.jpg 300w, https:\/\/www.lacubana.es\/wp-content\/uploads\/2024\/05\/Rac1-02-150x150.jpg 150w, https:\/\/www.lacubana.es\/wp-content\/uploads\/2024\/05\/Rac1-02-768x768.jpg 768w, https:\/\/www.lacubana.es\/wp-content\/uploads\/2024\/05\/Rac1-02-1536x1536.jpg 1536w, https:\/\/www.lacubana.es\/wp-content\/uploads\/2024\/05\/Rac1-02-1080x1080.jpg 1080w, https:\/\/www.lacubana.es\/wp-content\/uploads\/2024\/05\/Rac1-02.jpg 1848w\" sizes=\"(max-width: 1024px) 100vw, 1024px\" \/><\/div>\n<div class=\"wp-block-image\"><img decoding=\"async\" class=\"wpa-warning wpa-image-missing-alt alignnone size-large wp-image-110973\" src=\"https:\/\/www.lacubana.es\/wp-content\/uploads\/2024\/05\/Quiosc-02-1024x1024.jpg\" alt=\"\" width=\"1024\" height=\"1024\" data-warning=\"Missing alt text\" srcset=\"https:\/\/www.lacubana.es\/wp-content\/uploads\/2024\/05\/Quiosc-02-1024x1024.jpg 1024w, https:\/\/www.lacubana.es\/wp-content\/uploads\/2024\/05\/Quiosc-02-300x300.jpg 300w, https:\/\/www.lacubana.es\/wp-content\/uploads\/2024\/05\/Quiosc-02-150x150.jpg 150w, https:\/\/www.lacubana.es\/wp-content\/uploads\/2024\/05\/Quiosc-02-768x768.jpg 768w, https:\/\/www.lacubana.es\/wp-content\/uploads\/2024\/05\/Quiosc-02-1536x1536.jpg 1536w, https:\/\/www.lacubana.es\/wp-content\/uploads\/2024\/05\/Quiosc-02-2048x2048.jpg 2048w, https:\/\/www.lacubana.es\/wp-content\/uploads\/2024\/05\/Quiosc-02-1080x1080.jpg 1080w\" sizes=\"(max-width: 1024px) 100vw, 1024px\" \/><\/div>\n<div class=\"wp-block-image\"><img decoding=\"async\" class=\"wpa-warning wpa-image-missing-alt alignnone size-large wp-image-110970\" src=\"https:\/\/www.lacubana.es\/wp-content\/uploads\/2024\/05\/Quiosc-00-1024x1024.jpg\" alt=\"\" width=\"1024\" height=\"1024\" data-warning=\"Missing alt text\" srcset=\"https:\/\/www.lacubana.es\/wp-content\/uploads\/2024\/05\/Quiosc-00-1024x1024.jpg 1024w, https:\/\/www.lacubana.es\/wp-content\/uploads\/2024\/05\/Quiosc-00-300x300.jpg 300w, https:\/\/www.lacubana.es\/wp-content\/uploads\/2024\/05\/Quiosc-00-150x150.jpg 150w, https:\/\/www.lacubana.es\/wp-content\/uploads\/2024\/05\/Quiosc-00-768x768.jpg 768w, https:\/\/www.lacubana.es\/wp-content\/uploads\/2024\/05\/Quiosc-00-1536x1536.jpg 1536w, https:\/\/www.lacubana.es\/wp-content\/uploads\/2024\/05\/Quiosc-00-2048x2048.jpg 2048w, https:\/\/www.lacubana.es\/wp-content\/uploads\/2024\/05\/Quiosc-00-1080x1080.jpg 1080w\" sizes=\"(max-width: 1024px) 100vw, 1024px\" \/><\/div>\n","protected":false},"excerpt":{"rendered":"<p>Sant Jordi fue un d\u00eda maravilloso&#8230; Las Teresines se pusieron ropa c\u00f3moda y quisieron acompa\u00f1arse de tres \u00abmozos\u00bb que las llevaron rodando a las firmas en diferentes puntos de Barcelona. Tampoco se lo quisieron perder Rosita y Paca, que tambi\u00e9n salieron de Gr\u00e0cia para encontrarse con todos los seguidores de la serie.<\/p>\n<p> &hellip;<\/p>\n","protected":false},"author":2,"featured_media":110973,"comment_status":"closed","ping_status":"closed","sticky":false,"template":"","format":"standard","meta":{"_acf_changed":false,"_et_pb_use_builder":"","_et_pb_old_content":"","_et_gb_content_width":"","_joinchat":[],"footnotes":""},"categories":[3],"tags":[],"class_list":["post-110979","post","type-post","status-publish","format-standard","has-post-thumbnail","hentry","category-sin-categorizar"],"acf":[],"yoast_head":"<!-- This site is optimized with the Yoast SEO Premium plugin v22.0 (Yoast SEO v27.0) - https:\/\/yoast.com\/product\/yoast-seo-premium-wordpress\/ -->\n<title>&quot;Vida de Teresina&quot; el d\u00eda del libro - La Cubana<\/title>\n<meta name=\"robots\" content=\"index, follow, max-snippet:-1, max-image-preview:large, max-video-preview:-1\" \/>\n<link rel=\"canonical\" href=\"https:\/\/www.lacubana.es\/es\/vida-de-teresina-el-dia-del-libro\/\" \/>\n<meta property=\"og:locale\" content=\"es_ES\" \/>\n<meta property=\"og:type\" content=\"article\" \/>\n<meta property=\"og:title\" content=\"&quot;Vida de Teresina&quot; el d\u00eda del libro\" \/>\n<meta property=\"og:description\" content=\"Sant Jordi fue un d\u00eda maravilloso&#8230; Las Teresines se pusieron ropa c\u00f3moda y quisieron acompa\u00f1arse de tres \u00abmozos\u00bb que las llevaron rodando a las firmas en diferentes puntos de Barcelona. Tampoco se lo quisieron perder Rosita y Paca, que tambi\u00e9n salieron de Gr\u00e0cia para encontrarse con todos los seguidores de la serie. &hellip;\" \/>\n<meta property=\"og:url\" content=\"https:\/\/www.lacubana.es\/es\/vida-de-teresina-el-dia-del-libro\/\" \/>\n<meta property=\"og:site_name\" content=\"La Cubana\" \/>\n<meta property=\"article:published_time\" content=\"2024-04-29T11:35:28+00:00\" \/>\n<meta property=\"article:modified_time\" content=\"2025-02-12T09:22:58+00:00\" \/>\n<meta property=\"og:image\" content=\"https:\/\/www.lacubana.es\/wp-content\/uploads\/2024\/05\/Quiosc-02-scaled.jpg\" \/>\n\t<meta property=\"og:image:width\" content=\"2880\" \/>\n\t<meta property=\"og:image:height\" content=\"2880\" \/>\n\t<meta property=\"og:image:type\" content=\"image\/jpeg\" \/>\n<meta name=\"author\" content=\"Pol Vinyes\" \/>\n<meta name=\"twitter:card\" content=\"summary_large_image\" \/>\n<meta name=\"twitter:label1\" content=\"Escrito por\" \/>\n\t<meta name=\"twitter:data1\" content=\"Pol Vinyes\" \/>\n\t<meta name=\"twitter:label2\" content=\"Tiempo de lectura\" \/>\n\t<meta name=\"twitter:data2\" content=\"2 minutos\" \/>\n<script type=\"application\/ld+json\" class=\"yoast-schema-graph\">{\"@context\":\"https:\/\/schema.org\",\"@graph\":[{\"@type\":\"Article\",\"@id\":\"https:\/\/www.lacubana.es\/es\/vida-de-teresina-el-dia-del-libro\/#article\",\"isPartOf\":{\"@id\":\"https:\/\/www.lacubana.es\/es\/vida-de-teresina-el-dia-del-libro\/\"},\"author\":{\"name\":\"Pol Vinyes\",\"@id\":\"https:\/\/www.lacubana.es\/#\/schema\/person\/c8152ce1e6c55839545d6348cde05329\"},\"headline\":\"\u00abVida de Teresina\u00bb el d\u00eda del libro\",\"datePublished\":\"2024-04-29T11:35:28+00:00\",\"dateModified\":\"2025-02-12T09:22:58+00:00\",\"mainEntityOfPage\":{\"@id\":\"https:\/\/www.lacubana.es\/es\/vida-de-teresina-el-dia-del-libro\/\"},\"wordCount\":180,\"image\":{\"@id\":\"https:\/\/www.lacubana.es\/es\/vida-de-teresina-el-dia-del-libro\/#primaryimage\"},\"thumbnailUrl\":\"https:\/\/www.lacubana.es\/wp-content\/uploads\/2024\/05\/Quiosc-02-scaled.jpg\",\"articleSection\":[\"Sin categorizar\"],\"inLanguage\":\"es\"},{\"@type\":\"WebPage\",\"@id\":\"https:\/\/www.lacubana.es\/es\/vida-de-teresina-el-dia-del-libro\/\",\"url\":\"https:\/\/www.lacubana.es\/es\/vida-de-teresina-el-dia-del-libro\/\",\"name\":\"\\\"Vida de Teresina\\\" el d\u00eda del libro - La Cubana\",\"isPartOf\":{\"@id\":\"https:\/\/www.lacubana.es\/#website\"},\"primaryImageOfPage\":{\"@id\":\"https:\/\/www.lacubana.es\/es\/vida-de-teresina-el-dia-del-libro\/#primaryimage\"},\"image\":{\"@id\":\"https:\/\/www.lacubana.es\/es\/vida-de-teresina-el-dia-del-libro\/#primaryimage\"},\"thumbnailUrl\":\"https:\/\/www.lacubana.es\/wp-content\/uploads\/2024\/05\/Quiosc-02-scaled.jpg\",\"datePublished\":\"2024-04-29T11:35:28+00:00\",\"dateModified\":\"2025-02-12T09:22:58+00:00\",\"author\":{\"@id\":\"https:\/\/www.lacubana.es\/#\/schema\/person\/c8152ce1e6c55839545d6348cde05329\"},\"breadcrumb\":{\"@id\":\"https:\/\/www.lacubana.es\/es\/vida-de-teresina-el-dia-del-libro\/#breadcrumb\"},\"inLanguage\":\"es\",\"potentialAction\":[{\"@type\":\"ReadAction\",\"target\":[\"https:\/\/www.lacubana.es\/es\/vida-de-teresina-el-dia-del-libro\/\"]}]},{\"@type\":\"ImageObject\",\"inLanguage\":\"es\",\"@id\":\"https:\/\/www.lacubana.es\/es\/vida-de-teresina-el-dia-del-libro\/#primaryimage\",\"url\":\"https:\/\/www.lacubana.es\/wp-content\/uploads\/2024\/05\/Quiosc-02-scaled.jpg\",\"contentUrl\":\"https:\/\/www.lacubana.es\/wp-content\/uploads\/2024\/05\/Quiosc-02-scaled.jpg\",\"width\":2880,\"height\":2880},{\"@type\":\"BreadcrumbList\",\"@id\":\"https:\/\/www.lacubana.es\/es\/vida-de-teresina-el-dia-del-libro\/#breadcrumb\",\"itemListElement\":[{\"@type\":\"ListItem\",\"position\":1,\"name\":\"Inici\",\"item\":\"https:\/\/www.lacubana.es\/es\/\"},{\"@type\":\"ListItem\",\"position\":2,\"name\":\"\u00abVida de Teresina\u00bb el d\u00eda del libro\"}]},{\"@type\":\"WebSite\",\"@id\":\"https:\/\/www.lacubana.es\/#website\",\"url\":\"https:\/\/www.lacubana.es\/\",\"name\":\"La Cubana\",\"description\":\"Teatro La Cubana\",\"potentialAction\":[{\"@type\":\"SearchAction\",\"target\":{\"@type\":\"EntryPoint\",\"urlTemplate\":\"https:\/\/www.lacubana.es\/?s={search_term_string}\"},\"query-input\":{\"@type\":\"PropertyValueSpecification\",\"valueRequired\":true,\"valueName\":\"search_term_string\"}}],\"inLanguage\":\"es\"},{\"@type\":\"Person\",\"@id\":\"https:\/\/www.lacubana.es\/#\/schema\/person\/c8152ce1e6c55839545d6348cde05329\",\"name\":\"Pol Vinyes\",\"image\":{\"@type\":\"ImageObject\",\"inLanguage\":\"es\",\"@id\":\"https:\/\/www.lacubana.es\/#\/schema\/person\/image\/\",\"url\":\"https:\/\/secure.gravatar.com\/avatar\/c6702000708b6847f0e1aee67258df623c3d0818f32423125064b8c43dc6d27a?s=96&d=mm&r=g\",\"contentUrl\":\"https:\/\/secure.gravatar.com\/avatar\/c6702000708b6847f0e1aee67258df623c3d0818f32423125064b8c43dc6d27a?s=96&d=mm&r=g\",\"caption\":\"Pol Vinyes\"},\"sameAs\":[\"https:\/\/www.lacubana.es\"],\"url\":\"https:\/\/www.lacubana.es\/es\/author\/gestio\/\"}]}<\/script>\n<!-- \/ Yoast SEO Premium plugin. -->","yoast_head_json":{"title":"\"Vida de Teresina\" el d\u00eda del libro - La Cubana","robots":{"index":"index","follow":"follow","max-snippet":"max-snippet:-1","max-image-preview":"max-image-preview:large","max-video-preview":"max-video-preview:-1"},"canonical":"https:\/\/www.lacubana.es\/es\/vida-de-teresina-el-dia-del-libro\/","og_locale":"es_ES","og_type":"article","og_title":"\"Vida de Teresina\" el d\u00eda del libro","og_description":"Sant Jordi fue un d\u00eda maravilloso&#8230; Las Teresines se pusieron ropa c\u00f3moda y quisieron acompa\u00f1arse de tres \u00abmozos\u00bb que las llevaron rodando a las firmas en diferentes puntos de Barcelona. Tampoco se lo quisieron perder Rosita y Paca, que tambi\u00e9n salieron de Gr\u00e0cia para encontrarse con todos los seguidores de la serie. &hellip;","og_url":"https:\/\/www.lacubana.es\/es\/vida-de-teresina-el-dia-del-libro\/","og_site_name":"La Cubana","article_published_time":"2024-04-29T11:35:28+00:00","article_modified_time":"2025-02-12T09:22:58+00:00","og_image":[{"width":2880,"height":2880,"url":"https:\/\/www.lacubana.es\/wp-content\/uploads\/2024\/05\/Quiosc-02-scaled.jpg","type":"image\/jpeg"}],"author":"Pol Vinyes","twitter_card":"summary_large_image","twitter_misc":{"Escrito por":"Pol Vinyes","Tiempo de lectura":"2 minutos"},"schema":{"@context":"https:\/\/schema.org","@graph":[{"@type":"Article","@id":"https:\/\/www.lacubana.es\/es\/vida-de-teresina-el-dia-del-libro\/#article","isPartOf":{"@id":"https:\/\/www.lacubana.es\/es\/vida-de-teresina-el-dia-del-libro\/"},"author":{"name":"Pol Vinyes","@id":"https:\/\/www.lacubana.es\/#\/schema\/person\/c8152ce1e6c55839545d6348cde05329"},"headline":"\u00abVida de Teresina\u00bb el d\u00eda del libro","datePublished":"2024-04-29T11:35:28+00:00","dateModified":"2025-02-12T09:22:58+00:00","mainEntityOfPage":{"@id":"https:\/\/www.lacubana.es\/es\/vida-de-teresina-el-dia-del-libro\/"},"wordCount":180,"image":{"@id":"https:\/\/www.lacubana.es\/es\/vida-de-teresina-el-dia-del-libro\/#primaryimage"},"thumbnailUrl":"https:\/\/www.lacubana.es\/wp-content\/uploads\/2024\/05\/Quiosc-02-scaled.jpg","articleSection":["Sin categorizar"],"inLanguage":"es"},{"@type":"WebPage","@id":"https:\/\/www.lacubana.es\/es\/vida-de-teresina-el-dia-del-libro\/","url":"https:\/\/www.lacubana.es\/es\/vida-de-teresina-el-dia-del-libro\/","name":"\"Vida de Teresina\" el d\u00eda del libro - La Cubana","isPartOf":{"@id":"https:\/\/www.lacubana.es\/#website"},"primaryImageOfPage":{"@id":"https:\/\/www.lacubana.es\/es\/vida-de-teresina-el-dia-del-libro\/#primaryimage"},"image":{"@id":"https:\/\/www.lacubana.es\/es\/vida-de-teresina-el-dia-del-libro\/#primaryimage"},"thumbnailUrl":"https:\/\/www.lacubana.es\/wp-content\/uploads\/2024\/05\/Quiosc-02-scaled.jpg","datePublished":"2024-04-29T11:35:28+00:00","dateModified":"2025-02-12T09:22:58+00:00","author":{"@id":"https:\/\/www.lacubana.es\/#\/schema\/person\/c8152ce1e6c55839545d6348cde05329"},"breadcrumb":{"@id":"https:\/\/www.lacubana.es\/es\/vida-de-teresina-el-dia-del-libro\/#breadcrumb"},"inLanguage":"es","potentialAction":[{"@type":"ReadAction","target":["https:\/\/www.lacubana.es\/es\/vida-de-teresina-el-dia-del-libro\/"]}]},{"@type":"ImageObject","inLanguage":"es","@id":"https:\/\/www.lacubana.es\/es\/vida-de-teresina-el-dia-del-libro\/#primaryimage","url":"https:\/\/www.lacubana.es\/wp-content\/uploads\/2024\/05\/Quiosc-02-scaled.jpg","contentUrl":"https:\/\/www.lacubana.es\/wp-content\/uploads\/2024\/05\/Quiosc-02-scaled.jpg","width":2880,"height":2880},{"@type":"BreadcrumbList","@id":"https:\/\/www.lacubana.es\/es\/vida-de-teresina-el-dia-del-libro\/#breadcrumb","itemListElement":[{"@type":"ListItem","position":1,"name":"Inici","item":"https:\/\/www.lacubana.es\/es\/"},{"@type":"ListItem","position":2,"name":"\u00abVida de Teresina\u00bb el d\u00eda del libro"}]},{"@type":"WebSite","@id":"https:\/\/www.lacubana.es\/#website","url":"https:\/\/www.lacubana.es\/","name":"La Cubana","description":"Teatro La Cubana","potentialAction":[{"@type":"SearchAction","target":{"@type":"EntryPoint","urlTemplate":"https:\/\/www.lacubana.es\/?s={search_term_string}"},"query-input":{"@type":"PropertyValueSpecification","valueRequired":true,"valueName":"search_term_string"}}],"inLanguage":"es"},{"@type":"Person","@id":"https:\/\/www.lacubana.es\/#\/schema\/person\/c8152ce1e6c55839545d6348cde05329","name":"Pol Vinyes","image":{"@type":"ImageObject","inLanguage":"es","@id":"https:\/\/www.lacubana.es\/#\/schema\/person\/image\/","url":"https:\/\/secure.gravatar.com\/avatar\/c6702000708b6847f0e1aee67258df623c3d0818f32423125064b8c43dc6d27a?s=96&d=mm&r=g","contentUrl":"https:\/\/secure.gravatar.com\/avatar\/c6702000708b6847f0e1aee67258df623c3d0818f32423125064b8c43dc6d27a?s=96&d=mm&r=g","caption":"Pol Vinyes"},"sameAs":["https:\/\/www.lacubana.es"],"url":"https:\/\/www.lacubana.es\/es\/author\/gestio\/"}]}},"_links":{"self":[{"href":"https:\/\/www.lacubana.es\/es\/wp-json\/wp\/v2\/posts\/110979","targetHints":{"allow":["GET"]}}],"collection":[{"href":"https:\/\/www.lacubana.es\/es\/wp-json\/wp\/v2\/posts"}],"about":[{"href":"https:\/\/www.lacubana.es\/es\/wp-json\/wp\/v2\/types\/post"}],"author":[{"embeddable":true,"href":"https:\/\/www.lacubana.es\/es\/wp-json\/wp\/v2\/users\/2"}],"replies":[{"embeddable":true,"href":"https:\/\/www.lacubana.es\/es\/wp-json\/wp\/v2\/comments?post=110979"}],"version-history":[{"count":1,"href":"https:\/\/www.lacubana.es\/es\/wp-json\/wp\/v2\/posts\/110979\/revisions"}],"predecessor-version":[{"id":110980,"href":"https:\/\/www.lacubana.es\/es\/wp-json\/wp\/v2\/posts\/110979\/revisions\/110980"}],"wp:featuredmedia":[{"embeddable":true,"href":"https:\/\/www.lacubana.es\/es\/wp-json\/wp\/v2\/media\/110973"}],"wp:attachment":[{"href":"https:\/\/www.lacubana.es\/es\/wp-json\/wp\/v2\/media?parent=110979"}],"wp:term":[{"taxonomy":"category","embeddable":true,"href":"https:\/\/www.lacubana.es\/es\/wp-json\/wp\/v2\/categories?post=110979"},{"taxonomy":"post_tag","embeddable":true,"href":"https:\/\/www.lacubana.es\/es\/wp-json\/wp\/v2\/tags?post=110979"}],"curies":[{"name":"wp","href":"https:\/\/api.w.org\/{rel}","templated":true}]}}