{"id":291293,"date":"2025-05-05T08:56:03","date_gmt":"2025-05-05T08:56:03","guid":{"rendered":"https:\/\/www.lacubana.es\/?p=291293"},"modified":"2025-05-05T08:56:03","modified_gmt":"2025-05-05T08:56:03","slug":"jordi-milan-director-of-la-cubana-receives-the-sgae-medal-of-honor","status":"publish","type":"post","link":"https:\/\/www.lacubana.es\/en\/jordi-milan-director-of-la-cubana-receives-the-sgae-medal-of-honor\/","title":{"rendered":"Jordi Mil\u00e1n, director of La Cubana, receives the SGAE Medal of Honor"},"content":{"rendered":"<p>We are thrilled to announce that <strong>Jordi Mil\u00e1n<\/strong>, director of <strong>La Cubana<\/strong>, has been awarded the <strong>2025 SGAE Medal of Honor<\/strong> in recognition of his outstanding career and contribution to the performing arts.<\/p>\n<p>SGAE has honoured Jordi Mil\u00e1n as the soul of La Cubana, \u201c<em>who, under his direction, has brought theatre closer to the public with a unique style full of humour, complicity and creativity.<\/em>\u201d<\/p>\n<p>Since 1986, Jordi Mil\u00e1n has created and led more than twenty iconic productions that have left their mark on generations, including <em>C\u00f3meme el coco, negro<\/em>, <em>Campanades de boda<\/em>, <em>Cegada de amor<\/em>, and <em>Adi\u00f3s Arturo<\/em>, among many others.<\/p>\n<p>This year award ceremony will take place on <strong>May 21st at the Gran Teatre del Liceu in Barcelona<\/strong>, where Joaqu\u00edn Sabina, Gema R. Neira and Editorial Boileau will also be honoured. A tribute will also be paid to <strong>Mar\u00eda Lej\u00e1rraga<\/strong>, who has been named honorary president posthumously.<\/p>\n<p>This recognition of Jordi is one we also share with everyone who has been, or is currently, part of La Cubana. Congratulations, Jordi!<\/p>\n<div class=\"wp-block-image\"><img decoding=\"async\" class=\"wpa-warning wpa-image-missing-alt alignnone size-large wp-image-291278\" src=\"https:\/\/www.lacubana.es\/wp-content\/uploads\/2025\/05\/2025-Expo-Palau-Robert-2-copia-1024x683.jpg\" alt=\"\" width=\"1024\" height=\"683\" data-warning=\"Missing alt text\" srcset=\"https:\/\/www.lacubana.es\/wp-content\/uploads\/2025\/05\/2025-Expo-Palau-Robert-2-copia-1024x683.jpg 1024w, https:\/\/www.lacubana.es\/wp-content\/uploads\/2025\/05\/2025-Expo-Palau-Robert-2-copia-300x200.jpg 300w, https:\/\/www.lacubana.es\/wp-content\/uploads\/2025\/05\/2025-Expo-Palau-Robert-2-copia-768x512.jpg 768w, https:\/\/www.lacubana.es\/wp-content\/uploads\/2025\/05\/2025-Expo-Palau-Robert-2-copia-1536x1024.jpg 1536w, https:\/\/www.lacubana.es\/wp-content\/uploads\/2025\/05\/2025-Expo-Palau-Robert-2-copia-2048x1365.jpg 2048w, https:\/\/www.lacubana.es\/wp-content\/uploads\/2025\/05\/2025-Expo-Palau-Robert-2-copia-1080x720.jpg 1080w\" sizes=\"(max-width: 1024px) 100vw, 1024px\" \/><\/div>\n","protected":false},"excerpt":{"rendered":"<p>We are thrilled to announce that Jordi Mil\u00e1n, director of La Cubana, has been awarded the 2025 SGAE Medal of Honor in recognition of his outstanding career and contribution to the performing arts.<\/p>\n<p>SGAE has honoured Jordi Mil\u00e1n as the soul of La Cubana, \u201c<em>who, under his direction,<\/em><\/p>\n<p> &hellip;<\/p>\n","protected":false},"author":2,"featured_media":291278,"comment_status":"closed","ping_status":"closed","sticky":false,"template":"","format":"standard","meta":{"_acf_changed":false,"_et_pb_use_builder":"","_et_pb_old_content":"","_et_gb_content_width":"","_joinchat":[],"footnotes":""},"categories":[2],"tags":[],"class_list":["post-291293","post","type-post","status-publish","format-standard","has-post-thumbnail","hentry","category-uncategorized"],"acf":[],"yoast_head":"<!-- This site is optimized with the Yoast SEO Premium plugin v22.0 (Yoast SEO v27.0) - https:\/\/yoast.com\/product\/yoast-seo-premium-wordpress\/ -->\n<title>Jordi Mil\u00e1n, director of La Cubana, receives the SGAE Medal of Honor - La Cubana<\/title>\n<meta name=\"robots\" content=\"index, follow, max-snippet:-1, max-image-preview:large, max-video-preview:-1\" \/>\n<link rel=\"canonical\" href=\"https:\/\/www.lacubana.es\/en\/jordi-milan-director-of-la-cubana-receives-the-sgae-medal-of-honor\/\" \/>\n<meta property=\"og:locale\" content=\"en_US\" \/>\n<meta property=\"og:type\" content=\"article\" \/>\n<meta property=\"og:title\" content=\"Jordi Mil\u00e1n, director of La Cubana, receives the SGAE Medal of Honor\" \/>\n<meta property=\"og:description\" content=\"We are thrilled to announce that Jordi Mil\u00e1n, director of La Cubana, has been awarded the 2025 SGAE Medal of Honor in recognition of his outstanding career and contribution to the performing arts. SGAE has honoured Jordi Mil\u00e1n as the soul of La Cubana, \u201cwho, under his direction, &hellip;\" \/>\n<meta property=\"og:url\" content=\"https:\/\/www.lacubana.es\/en\/jordi-milan-director-of-la-cubana-receives-the-sgae-medal-of-honor\/\" \/>\n<meta property=\"og:site_name\" content=\"La Cubana\" \/>\n<meta property=\"article:published_time\" content=\"2025-05-05T08:56:03+00:00\" \/>\n<meta property=\"og:image\" content=\"https:\/\/www.lacubana.es\/wp-content\/uploads\/2025\/05\/2025-Expo-Palau-Robert-2-copia-scaled.jpg\" \/>\n\t<meta property=\"og:image:width\" content=\"2880\" \/>\n\t<meta property=\"og:image:height\" content=\"1920\" \/>\n\t<meta property=\"og:image:type\" content=\"image\/jpeg\" \/>\n<meta name=\"author\" content=\"Pol Vinyes\" \/>\n<meta name=\"twitter:card\" content=\"summary_large_image\" \/>\n<meta name=\"twitter:label1\" content=\"Written by\" \/>\n\t<meta name=\"twitter:data1\" content=\"Pol Vinyes\" \/>\n\t<meta name=\"twitter:label2\" content=\"Est. reading time\" \/>\n\t<meta name=\"twitter:data2\" content=\"2 minutes\" \/>\n<script type=\"application\/ld+json\" class=\"yoast-schema-graph\">{\"@context\":\"https:\/\/schema.org\",\"@graph\":[{\"@type\":\"Article\",\"@id\":\"https:\/\/www.lacubana.es\/en\/jordi-milan-director-of-la-cubana-receives-the-sgae-medal-of-honor\/#article\",\"isPartOf\":{\"@id\":\"https:\/\/www.lacubana.es\/en\/jordi-milan-director-of-la-cubana-receives-the-sgae-medal-of-honor\/\"},\"author\":{\"name\":\"Pol Vinyes\",\"@id\":\"https:\/\/www.lacubana.es\/#\/schema\/person\/c8152ce1e6c55839545d6348cde05329\"},\"headline\":\"Jordi Mil\u00e1n, director of La Cubana, receives the SGAE Medal of Honor\",\"datePublished\":\"2025-05-05T08:56:03+00:00\",\"mainEntityOfPage\":{\"@id\":\"https:\/\/www.lacubana.es\/en\/jordi-milan-director-of-la-cubana-receives-the-sgae-medal-of-honor\/\"},\"wordCount\":191,\"image\":{\"@id\":\"https:\/\/www.lacubana.es\/en\/jordi-milan-director-of-la-cubana-receives-the-sgae-medal-of-honor\/#primaryimage\"},\"thumbnailUrl\":\"https:\/\/www.lacubana.es\/wp-content\/uploads\/2025\/05\/2025-Expo-Palau-Robert-2-copia-scaled.jpg\",\"inLanguage\":\"en-US\"},{\"@type\":\"WebPage\",\"@id\":\"https:\/\/www.lacubana.es\/en\/jordi-milan-director-of-la-cubana-receives-the-sgae-medal-of-honor\/\",\"url\":\"https:\/\/www.lacubana.es\/en\/jordi-milan-director-of-la-cubana-receives-the-sgae-medal-of-honor\/\",\"name\":\"Jordi Mil\u00e1n, director of La Cubana, receives the SGAE Medal of Honor - La Cubana\",\"isPartOf\":{\"@id\":\"https:\/\/www.lacubana.es\/#website\"},\"primaryImageOfPage\":{\"@id\":\"https:\/\/www.lacubana.es\/en\/jordi-milan-director-of-la-cubana-receives-the-sgae-medal-of-honor\/#primaryimage\"},\"image\":{\"@id\":\"https:\/\/www.lacubana.es\/en\/jordi-milan-director-of-la-cubana-receives-the-sgae-medal-of-honor\/#primaryimage\"},\"thumbnailUrl\":\"https:\/\/www.lacubana.es\/wp-content\/uploads\/2025\/05\/2025-Expo-Palau-Robert-2-copia-scaled.jpg\",\"datePublished\":\"2025-05-05T08:56:03+00:00\",\"author\":{\"@id\":\"https:\/\/www.lacubana.es\/#\/schema\/person\/c8152ce1e6c55839545d6348cde05329\"},\"breadcrumb\":{\"@id\":\"https:\/\/www.lacubana.es\/en\/jordi-milan-director-of-la-cubana-receives-the-sgae-medal-of-honor\/#breadcrumb\"},\"inLanguage\":\"en-US\",\"potentialAction\":[{\"@type\":\"ReadAction\",\"target\":[\"https:\/\/www.lacubana.es\/en\/jordi-milan-director-of-la-cubana-receives-the-sgae-medal-of-honor\/\"]}]},{\"@type\":\"ImageObject\",\"inLanguage\":\"en-US\",\"@id\":\"https:\/\/www.lacubana.es\/en\/jordi-milan-director-of-la-cubana-receives-the-sgae-medal-of-honor\/#primaryimage\",\"url\":\"https:\/\/www.lacubana.es\/wp-content\/uploads\/2025\/05\/2025-Expo-Palau-Robert-2-copia-scaled.jpg\",\"contentUrl\":\"https:\/\/www.lacubana.es\/wp-content\/uploads\/2025\/05\/2025-Expo-Palau-Robert-2-copia-scaled.jpg\",\"width\":2880,\"height\":1920},{\"@type\":\"BreadcrumbList\",\"@id\":\"https:\/\/www.lacubana.es\/en\/jordi-milan-director-of-la-cubana-receives-the-sgae-medal-of-honor\/#breadcrumb\",\"itemListElement\":[{\"@type\":\"ListItem\",\"position\":1,\"name\":\"Inici\",\"item\":\"https:\/\/www.lacubana.es\/en\/\"},{\"@type\":\"ListItem\",\"position\":2,\"name\":\"Jordi Mil\u00e1n, director of La Cubana, receives the SGAE Medal of Honor\"}]},{\"@type\":\"WebSite\",\"@id\":\"https:\/\/www.lacubana.es\/#website\",\"url\":\"https:\/\/www.lacubana.es\/\",\"name\":\"La Cubana\",\"description\":\"La Cubana Theater\",\"potentialAction\":[{\"@type\":\"SearchAction\",\"target\":{\"@type\":\"EntryPoint\",\"urlTemplate\":\"https:\/\/www.lacubana.es\/?s={search_term_string}\"},\"query-input\":{\"@type\":\"PropertyValueSpecification\",\"valueRequired\":true,\"valueName\":\"search_term_string\"}}],\"inLanguage\":\"en-US\"},{\"@type\":\"Person\",\"@id\":\"https:\/\/www.lacubana.es\/#\/schema\/person\/c8152ce1e6c55839545d6348cde05329\",\"name\":\"Pol Vinyes\",\"image\":{\"@type\":\"ImageObject\",\"inLanguage\":\"en-US\",\"@id\":\"https:\/\/www.lacubana.es\/#\/schema\/person\/image\/\",\"url\":\"https:\/\/secure.gravatar.com\/avatar\/c6702000708b6847f0e1aee67258df623c3d0818f32423125064b8c43dc6d27a?s=96&d=mm&r=g\",\"contentUrl\":\"https:\/\/secure.gravatar.com\/avatar\/c6702000708b6847f0e1aee67258df623c3d0818f32423125064b8c43dc6d27a?s=96&d=mm&r=g\",\"caption\":\"Pol Vinyes\"},\"sameAs\":[\"https:\/\/www.lacubana.es\"],\"url\":\"https:\/\/www.lacubana.es\/en\/author\/gestio\/\"}]}<\/script>\n<!-- \/ Yoast SEO Premium plugin. -->","yoast_head_json":{"title":"Jordi Mil\u00e1n, director of La Cubana, receives the SGAE Medal of Honor - La Cubana","robots":{"index":"index","follow":"follow","max-snippet":"max-snippet:-1","max-image-preview":"max-image-preview:large","max-video-preview":"max-video-preview:-1"},"canonical":"https:\/\/www.lacubana.es\/en\/jordi-milan-director-of-la-cubana-receives-the-sgae-medal-of-honor\/","og_locale":"en_US","og_type":"article","og_title":"Jordi Mil\u00e1n, director of La Cubana, receives the SGAE Medal of Honor","og_description":"We are thrilled to announce that Jordi Mil\u00e1n, director of La Cubana, has been awarded the 2025 SGAE Medal of Honor in recognition of his outstanding career and contribution to the performing arts. SGAE has honoured Jordi Mil\u00e1n as the soul of La Cubana, \u201cwho, under his direction, &hellip;","og_url":"https:\/\/www.lacubana.es\/en\/jordi-milan-director-of-la-cubana-receives-the-sgae-medal-of-honor\/","og_site_name":"La Cubana","article_published_time":"2025-05-05T08:56:03+00:00","og_image":[{"width":2880,"height":1920,"url":"https:\/\/www.lacubana.es\/wp-content\/uploads\/2025\/05\/2025-Expo-Palau-Robert-2-copia-scaled.jpg","type":"image\/jpeg"}],"author":"Pol Vinyes","twitter_card":"summary_large_image","twitter_misc":{"Written by":"Pol Vinyes","Est. reading time":"2 minutes"},"schema":{"@context":"https:\/\/schema.org","@graph":[{"@type":"Article","@id":"https:\/\/www.lacubana.es\/en\/jordi-milan-director-of-la-cubana-receives-the-sgae-medal-of-honor\/#article","isPartOf":{"@id":"https:\/\/www.lacubana.es\/en\/jordi-milan-director-of-la-cubana-receives-the-sgae-medal-of-honor\/"},"author":{"name":"Pol Vinyes","@id":"https:\/\/www.lacubana.es\/#\/schema\/person\/c8152ce1e6c55839545d6348cde05329"},"headline":"Jordi Mil\u00e1n, director of La Cubana, receives the SGAE Medal of Honor","datePublished":"2025-05-05T08:56:03+00:00","mainEntityOfPage":{"@id":"https:\/\/www.lacubana.es\/en\/jordi-milan-director-of-la-cubana-receives-the-sgae-medal-of-honor\/"},"wordCount":191,"image":{"@id":"https:\/\/www.lacubana.es\/en\/jordi-milan-director-of-la-cubana-receives-the-sgae-medal-of-honor\/#primaryimage"},"thumbnailUrl":"https:\/\/www.lacubana.es\/wp-content\/uploads\/2025\/05\/2025-Expo-Palau-Robert-2-copia-scaled.jpg","inLanguage":"en-US"},{"@type":"WebPage","@id":"https:\/\/www.lacubana.es\/en\/jordi-milan-director-of-la-cubana-receives-the-sgae-medal-of-honor\/","url":"https:\/\/www.lacubana.es\/en\/jordi-milan-director-of-la-cubana-receives-the-sgae-medal-of-honor\/","name":"Jordi Mil\u00e1n, director of La Cubana, receives the SGAE Medal of Honor - La Cubana","isPartOf":{"@id":"https:\/\/www.lacubana.es\/#website"},"primaryImageOfPage":{"@id":"https:\/\/www.lacubana.es\/en\/jordi-milan-director-of-la-cubana-receives-the-sgae-medal-of-honor\/#primaryimage"},"image":{"@id":"https:\/\/www.lacubana.es\/en\/jordi-milan-director-of-la-cubana-receives-the-sgae-medal-of-honor\/#primaryimage"},"thumbnailUrl":"https:\/\/www.lacubana.es\/wp-content\/uploads\/2025\/05\/2025-Expo-Palau-Robert-2-copia-scaled.jpg","datePublished":"2025-05-05T08:56:03+00:00","author":{"@id":"https:\/\/www.lacubana.es\/#\/schema\/person\/c8152ce1e6c55839545d6348cde05329"},"breadcrumb":{"@id":"https:\/\/www.lacubana.es\/en\/jordi-milan-director-of-la-cubana-receives-the-sgae-medal-of-honor\/#breadcrumb"},"inLanguage":"en-US","potentialAction":[{"@type":"ReadAction","target":["https:\/\/www.lacubana.es\/en\/jordi-milan-director-of-la-cubana-receives-the-sgae-medal-of-honor\/"]}]},{"@type":"ImageObject","inLanguage":"en-US","@id":"https:\/\/www.lacubana.es\/en\/jordi-milan-director-of-la-cubana-receives-the-sgae-medal-of-honor\/#primaryimage","url":"https:\/\/www.lacubana.es\/wp-content\/uploads\/2025\/05\/2025-Expo-Palau-Robert-2-copia-scaled.jpg","contentUrl":"https:\/\/www.lacubana.es\/wp-content\/uploads\/2025\/05\/2025-Expo-Palau-Robert-2-copia-scaled.jpg","width":2880,"height":1920},{"@type":"BreadcrumbList","@id":"https:\/\/www.lacubana.es\/en\/jordi-milan-director-of-la-cubana-receives-the-sgae-medal-of-honor\/#breadcrumb","itemListElement":[{"@type":"ListItem","position":1,"name":"Inici","item":"https:\/\/www.lacubana.es\/en\/"},{"@type":"ListItem","position":2,"name":"Jordi Mil\u00e1n, director of La Cubana, receives the SGAE Medal of Honor"}]},{"@type":"WebSite","@id":"https:\/\/www.lacubana.es\/#website","url":"https:\/\/www.lacubana.es\/","name":"La Cubana","description":"La Cubana Theater","potentialAction":[{"@type":"SearchAction","target":{"@type":"EntryPoint","urlTemplate":"https:\/\/www.lacubana.es\/?s={search_term_string}"},"query-input":{"@type":"PropertyValueSpecification","valueRequired":true,"valueName":"search_term_string"}}],"inLanguage":"en-US"},{"@type":"Person","@id":"https:\/\/www.lacubana.es\/#\/schema\/person\/c8152ce1e6c55839545d6348cde05329","name":"Pol Vinyes","image":{"@type":"ImageObject","inLanguage":"en-US","@id":"https:\/\/www.lacubana.es\/#\/schema\/person\/image\/","url":"https:\/\/secure.gravatar.com\/avatar\/c6702000708b6847f0e1aee67258df623c3d0818f32423125064b8c43dc6d27a?s=96&d=mm&r=g","contentUrl":"https:\/\/secure.gravatar.com\/avatar\/c6702000708b6847f0e1aee67258df623c3d0818f32423125064b8c43dc6d27a?s=96&d=mm&r=g","caption":"Pol Vinyes"},"sameAs":["https:\/\/www.lacubana.es"],"url":"https:\/\/www.lacubana.es\/en\/author\/gestio\/"}]}},"_links":{"self":[{"href":"https:\/\/www.lacubana.es\/en\/wp-json\/wp\/v2\/posts\/291293","targetHints":{"allow":["GET"]}}],"collection":[{"href":"https:\/\/www.lacubana.es\/en\/wp-json\/wp\/v2\/posts"}],"about":[{"href":"https:\/\/www.lacubana.es\/en\/wp-json\/wp\/v2\/types\/post"}],"author":[{"embeddable":true,"href":"https:\/\/www.lacubana.es\/en\/wp-json\/wp\/v2\/users\/2"}],"replies":[{"embeddable":true,"href":"https:\/\/www.lacubana.es\/en\/wp-json\/wp\/v2\/comments?post=291293"}],"version-history":[{"count":1,"href":"https:\/\/www.lacubana.es\/en\/wp-json\/wp\/v2\/posts\/291293\/revisions"}],"predecessor-version":[{"id":291294,"href":"https:\/\/www.lacubana.es\/en\/wp-json\/wp\/v2\/posts\/291293\/revisions\/291294"}],"wp:featuredmedia":[{"embeddable":true,"href":"https:\/\/www.lacubana.es\/en\/wp-json\/wp\/v2\/media\/291278"}],"wp:attachment":[{"href":"https:\/\/www.lacubana.es\/en\/wp-json\/wp\/v2\/media?parent=291293"}],"wp:term":[{"taxonomy":"category","embeddable":true,"href":"https:\/\/www.lacubana.es\/en\/wp-json\/wp\/v2\/categories?post=291293"},{"taxonomy":"post_tag","embeddable":true,"href":"https:\/\/www.lacubana.es\/en\/wp-json\/wp\/v2\/tags?post=291293"}],"curies":[{"name":"wp","href":"https:\/\/api.w.org\/{rel}","templated":true}]}}